{"id":2299,"date":"2015-11-16T07:51:57","date_gmt":"2015-11-16T07:51:57","guid":{"rendered":"https:\/\/logisticspm.com\/felog-y-foro-intralogistico-lpm-el-conocimiento-contrastado-para-la-eficiencia-y-la-competitividad\/"},"modified":"2015-11-16T07:51:57","modified_gmt":"2015-11-16T07:51:57","slug":"felog-y-foro-intralogistico-lpm-el-conocimiento-contrastado-para-la-eficiencia-y-la-competitividad","status":"publish","type":"post","link":"https:\/\/logisticspm.com\/en\/felog-y-foro-intralogistico-lpm-el-conocimiento-contrastado-para-la-eficiencia-y-la-competitividad\/","title":{"rendered":"FELOG y Foro Intralog\u00edstico LPM: El conocimiento contrastado para la eficiencia y la competitividad"},"content":{"rendered":"<p>El pasado de mes de setiembre se present\u00f3 la obra:\u00a0<strong><a href=\"http:\/\/www.amazon.es\/Libro-Rojo-Log%C3%ADstica-El-Aa-Vv\/dp\/8460817067\/ref=sr_1_1?ie=UTF8&amp;qid=1447673702&amp;sr=8-1&amp;keywords=libro+rojo+de+la+logistica\">\u201cEl Libro Rojo de la Log\u00edstica\u201d<\/a><\/strong>, promovido por el Foro de Expertos Log\u00edsticos (FELOG) con este mensaje:\u00a0<em>\u201cA todos los profesionales de la log\u00edstica en el mundo, por la gran labor que diariamente realizan al conseguir entregar a tiempo y en el sitio correcto los productos y servicios que la humanidad necesita\u201d.<\/em>\u00a0El Libro est\u00e1 estructurado en las siguiente \u00e1reas: Los Fundamentos de la Supply Chain. Planificaci\u00f3n. Aprovisionamiento. Fabricaci\u00f3n. Distribuci\u00f3n. Log\u00edstica inversa. Estrategia. Sistemas y Tecnolog\u00eda. Calidad. Seguridad Laboral. Finanzas. Gesti\u00f3n de Personas. Sostenibilidad y Responsabilidad Social. Un total de 50 an\u00e1lisis organizados en las categor\u00edas enumeradas anteriormente y escritos por 22 Directivos Log\u00edsticos de pymes y multinacionales.<\/p>\n<figure id=\"attachment_625\" class=\"wp-caption aligncenter\" data-shortcode=\"caption\" aria-describedby=\"caption-attachment-625\"><figcaption id=\"caption-attachment-625\" class=\"wp-caption-text\">Foro Intralog\u00edstico LPM\u00a0<a href=\"http:\/\/www.susolucionlogistica.com\/\" rel=\"nofollow\">http:\/\/www.susolucionlogistica.com<\/a><\/figcaption><\/figure>\n<p><strong>Jos\u00e9 Mar\u00eda Bonmati<\/strong>, Director General de AECOC, escribe en la presentaci\u00f3n de este libro:\u00a0<em>\u201cLa nueva cadena de suministro es, sin duda, mucho m\u00e1s eficiente, sostenible, innovadora y competitiva que la de anta\u00f1o, si bien tambi\u00e9n hoy tiene encima de la mesa importantes retos marcados fundamentalmente por dos megatendencias: la transformaci\u00f3n digital y la demanda cada vez m\u00e1s imperiosa de eficiencia, competitividad y sostenibilidad. El nuevo entorno ha favorecido que la cadena de valor tradicional, en la que el flujo de informaci\u00f3n y de mercanc\u00edas discurr\u00eda de un modo horizontal y unidireccional haya dado paso a una cadena de valor multicanal, en la que todos los actores interact\u00faan entre s\u00ed y en la que, tanto los productos como la informaci\u00f3n viajan en todas las direcciones. Se trata de una gran transformaci\u00f3n que supone, sin duda, todo un reto desde el punto de vista de la log\u00edstica y, adem\u00e1s, no es la \u00fanica. En la nueva era digital otro de los grandes cambios de las operativas que, a diario, realizan las empresas viene de la mano de la transformaci\u00f3n tecnol\u00f3gica a la que hemos asistido en los \u00faltimos a\u00f1os y que no s\u00f3lo ha facilitado las comunicaciones y los intercambios comerciales multidireccionales, sino que ha permitido la aparici\u00f3n de nuevos actores que han \u201cconvulsionado\u201d absolutamente el panorama comercial a nivel mundial. Se trata de los que s\u00f3lo tienen presencia on line pero que, justamente por ello, tienen en las entregas y tambi\u00e9n la log\u00edstica inversa su gran caballo de batalla\u201d.<\/em><br \/>\nEl portavoz de las empresas cargadoras a\u00f1ade: \u201cDe igual modo, el r\u00e1pido despegue tecnol\u00f3gico al que mundialmente hemos asistido no s\u00f3lo ha permitido a las empresas acceder a importantes avances en este \u00e1mbito, sino que ha cambiado radicalmente el modo en que las compa\u00f1\u00edas interact\u00faan entre ellas y, por supuesto, con el consumidor. Y es que, en ese nuevo modelo de relaci\u00f3n, las empresas deben estar preparadas para responder eficazmente a un consumidor que puede operar los 365 d\u00edas al a\u00f1o, las 24 horas del d\u00eda y desde cualquier lugar del mundo. \u00bfPuede haber, desde el punto de vista log\u00edstico, un desaf\u00edo mayor?. Junto a \u00e9ste, otro de los retos principales va de la mano de la transformaci\u00f3n sociocultural que estamos experimentado y, muy especialmente, del inter\u00e9s que el nuevo consumidor presenta por la sostenibilidad y por los productos cuyo origen considera cercano, no s\u00f3lo desde el punto de vista f\u00edsico sino tambi\u00e9n emocional. Estos nuevos valores instan a las compa\u00f1\u00edas a centrar sus esfuerzos en el impulso de una cadena de valor sostenible a todos los niveles. Es decir, desde el punto de vista econ\u00f3mico, social y medioambiental. Las empresas llevan d\u00e9cadas trabajando en el cumplimiento del primero de los objetivos, impulsando buenas pr\u00e1cticas, que ser\u00e1n analizadas en este libro, para casar la oferta y demanda, ahorrar costes log\u00edsticos, reducir los tiempos de espera en las entregas, pero ha sido, sin duda, en los \u00faltimos a\u00f1os cuando los requerimientos medioambientales han adquirido una nueva dimensi\u00f3n. Y es que las empresas y tambi\u00e9n la sociedad en general han tomado consciencia de que ya no basta con desarrollar una cadena agroalimentaria eficiente desde el punto de vista de los procesos sino que, adem\u00e1s, debemos impulsar una cadena que presente el menor impacto nocivo posible en el entorno en el que opera. Conseguir esta sostenibilidad medioambiental exige revisar al detalle todos y cada una de las operativas que se llevan a cabo en el \u00e1mbito log\u00edstico y, por supuesto, de transporte, lo que abre nuevas y amplias l\u00edneas de trabajo en materia de: reducci\u00f3n de emisiones de CO2 (y otros gases nocivos) a lo largo de toda la cadena de suministro, compatibilidad de las necesidades de la distribuci\u00f3n urbana con la calidad de vida de los ciudadanos o ahorro de recursos y reducci\u00f3n de emisi\u00f3n de residuos, entre otras. De igual modo, otra de las grandes tendencias que ya est\u00e1 transformando y va a seguir transformando la cadena de valor, viene marcada por la importancia que la vuelta al origen, a lo tradicional, tiene en una econom\u00eda cada vez m\u00e1s globalizada\u201d.<\/p>\n<p><strong>El Foro Intralog\u00edstico LPM: 50 an\u00e1lisis<\/strong><\/p>\n<p>Por su parte,\u00a0<a href=\"http:\/\/www.logisticspm.com\/\">La Consultora\/Ingenier\u00eda LPM<\/a>\u00a0acumula en su\u00a0<a href=\"http:\/\/www.susolucionlogistica.com\/\">Foro Intralog\u00edstico<\/a>\u00a0\u00a0<a href=\"http:\/\/www.susolucionlogistica.com\/\">50 an\u00e1lisis expertos\u00a0<\/a>sobre la din\u00e1mica diaria del almac\u00e9n y ha sido consultado por 9.500 profesionales log\u00edsticos en los \u00faltimos 17 meses. Profesionales log\u00edsticos de: Espa\u00f1a, M\u00e9xico, Per\u00fa, Colombia, Estados Unidos, Chile, Argentina, Uni\u00f3n Europea, Brasil y Venezuela, principalmente. El espacio: <a href=\"http:\/\/www.susolucionlogistica.com\/\">www.susolucionlogistica.com<\/a>\u00a0es el Foro Intralog\u00edstico promovido por los Socios Fundadores de\u00a0<a href=\"http:\/\/www.logisticspm.com\/\">LPM<\/a>:<a href=\"https:\/\/www.linkedin.com\/profile\/view?id=AAkAAADsSAIBQHbAkzMO2DSYfE0rRJj8tlRRBFY&amp;authType=NAME_SEARCH&amp;authToken=C4GM&amp;locale=es_ES&amp;trk=tyah&amp;trkInfo=clickedVertical%3Amynetwork%2CclickedEntityId%3A15484930%2CauthType%3ANAME_SEARCH%2Cidx%3A1-1-1%2CtarId%3A1447673609651%2Ctas%3Aantonio%20navarro\">\u00a0Antonio Navarro<\/a>\u00a0y\u00a0<a href=\"https:\/\/www.linkedin.com\/profile\/view?id=ADEAAACkimcBcGM8WGShxTiWHGIiNtsUSuLairo&amp;authType=NAME_SEARCH&amp;authToken=5EYl&amp;locale=en_US&amp;srchid=406740571447673639181&amp;srchindex=1&amp;srchtotal=3&amp;trk=vsrp_people_res_name&amp;trkInfo=VSRPsearchId%3A406740571447673639181%2CVSRPtargetId%3A10783335%2CVSRPcmpt%3Aprimary%2CVSRPnm%3Atrue%2CauthType%3ANAME_SEARCH\">Jos\u00e9 Lu\u00eds Lega<\/a>. De momento, los 10 diagn\u00f3sticos m\u00e1s le\u00eddos han sido:<\/p>\n<ul>\n<li><a href=\"https:\/\/susolucionlogistica.com\/2014\/06\/25\/como-reducir-los-costes-del-almacen-el-consultor-logistico-tiene-la-respuesta-ingenieria-logistica-solucionalmacen\/\">\u00bfC\u00f3mo reducir, hoy, los costes del almac\u00e9n?.<\/a><\/li>\n<li><a href=\"https:\/\/susolucionlogistica.com\/2015\/02\/16\/la-gestion-de-rrhh-en-el-almacen-y-sus-retribuciones-salariales\/\">La gesti\u00f3n de los RRHH en el almac\u00e9n.<\/a><\/li>\n<li><a href=\"https:\/\/susolucionlogistica.com\/2015\/01\/21\/certificacionesenalmaceningenierialogistica\/\">Las principales certificaciones ISO.<\/a><\/li>\n<li><a href=\"https:\/\/susolucionlogistica.com\/2015\/02\/19\/precauciones-basicas-en-el-almacenamiento-distribucion-frigorifica-y-temperatura-controlada\/\">Precauciones b\u00e1sicas en el almac\u00e9n.<\/a><\/li>\n<li><a href=\"https:\/\/susolucionlogistica.com\/2015\/04\/13\/el-ciclo-de-vida-de-las-innovaciones-tecnologicas-en-el-almacen-y-tendenciasintralogisticaslpm\/\">El ciclo de vida de las innovaciones.<\/a><\/li>\n<li><a href=\"https:\/\/susolucionlogistica.com\/2015\/03\/18\/gestiondelcambioenlogisticainterna\/\">Claves para solventar una gesti\u00f3n del cambio.<\/a><\/li>\n<li><a href=\"https:\/\/susolucionlogistica.com\/2015\/03\/11\/novedades-tecnologicas-almacen-logistica-interna\/\">Novedades tecnol\u00f3gicas, nuevas soluciones y equipamiento para 2015.<\/a><\/li>\n<li><a href=\"https:\/\/susolucionlogistica.com\/2014\/12\/19\/los-almacenes-automaticos-de-la-industria-del-automovil-anticipan-las-innovaciones-al-resto-de-supply-chain\/\">Los Almacenes Autom\u00e1ticos de la Industria del Autom\u00f3vil anticipan las innovaciones al resto de la Supply Chain.<\/a><\/li>\n<li><a href=\"https:\/\/susolucionlogistica.com\/2014\/09\/22\/consultorialogisticaparasiloautomatico-ingenieria-logistica\/\">Silo Autom\u00e1tico o Automatizaci\u00f3n Parcial de Procesos Log\u00edsticos.<\/a><\/li>\n<li><a href=\"https:\/\/susolucionlogistica.com\/2014\/11\/14\/las-apps-de-almacen-y-la-consultoria-logistica\/\">Las APPs de Almac\u00e9n y la Consultor\u00eda\/Ingenier\u00eda Log\u00edstica.<\/a><\/li>\n<\/ul>\n<p>Precisamente, los\u00a0<strong>pr\u00f3ximos d\u00edas 18 y 19 noviembre<\/strong><a href=\"http:\/\/www.easyfairs.com\/es\/events_216\/empack-2015_65980\/logistics-madrid-2015_66023\/expositores-y-productos_66061\/catalogo-de-expositores_66064\/stand\/573016\/\">\u00a0LPM tendr\u00e1 un stand (A \u2013 36) en la feria\u00a0<\/a>Log\u00edstica Madrid, (Pabell\u00f3n 4 IFEMA, Campo de las Naciones). Esperamos su visita para analizar su pr\u00f3ximo proyecto intralog\u00edstico.<\/p>\n<p>&nbsp;<\/p>\n","protected":false},"excerpt":{"rendered":"<p>El pasado de mes de setiembre se present\u00f3 la obra:\u00a0\u201cEl Libro Rojo de la Log\u00edstica\u201d, promovido por el Foro de Expertos Log\u00edsticos (FELOG) con este mensaje:\u00a0\u201cA todos los profesionales de la log\u00edstica en el mundo, por la gran labor que diariamente realizan al conseguir entregar&#8230;<\/p>\n","protected":false},"author":1,"featured_media":0,"comment_status":"open","ping_status":"open","sticky":false,"template":"","format":"standard","meta":[],"categories":[29,32],"tags":[],"yoast_head":"<!-- This site is optimized with the Yoast SEO plugin v20.0 - https:\/\/yoast.com\/wordpress\/plugins\/seo\/ -->\n<title>FELOG y Foro Intralog\u00edstico LPM: El conocimiento contrastado para la eficiencia y la competitividad - LPM<\/title>\n<meta name=\"robots\" content=\"index, follow, max-snippet:-1, max-image-preview:large, max-video-preview:-1\" \/>\n<link rel=\"canonical\" href=\"https:\/\/logisticspm.com\/en\/felog-y-foro-intralogistico-lpm-el-conocimiento-contrastado-para-la-eficiencia-y-la-competitividad\/\" \/>\n<meta property=\"og:locale\" content=\"en_US\" \/>\n<meta property=\"og:type\" content=\"article\" \/>\n<meta property=\"og:title\" content=\"FELOG y Foro Intralog\u00edstico LPM: El conocimiento contrastado para la eficiencia y la competitividad - LPM\" \/>\n<meta property=\"og:description\" content=\"El pasado de mes de setiembre se present\u00f3 la obra:\u00a0\u201cEl Libro Rojo de la Log\u00edstica\u201d, promovido por el Foro de Expertos Log\u00edsticos (FELOG) con este mensaje:\u00a0\u201cA todos los profesionales de la log\u00edstica en el mundo, por la gran labor que diariamente realizan al conseguir entregar...\" \/>\n<meta property=\"og:url\" content=\"https:\/\/logisticspm.com\/en\/felog-y-foro-intralogistico-lpm-el-conocimiento-contrastado-para-la-eficiencia-y-la-competitividad\/\" \/>\n<meta property=\"og:site_name\" content=\"LPM\" \/>\n<meta property=\"article:published_time\" content=\"2015-11-16T07:51:57+00:00\" \/>\n<meta name=\"author\" content=\"ADmLpM\" \/>\n<meta name=\"twitter:card\" content=\"summary_large_image\" \/>\n<meta name=\"twitter:label1\" content=\"Written by\" \/>\n\t<meta name=\"twitter:data1\" content=\"ADmLpM\" \/>\n\t<meta name=\"twitter:label2\" content=\"Est. reading time\" \/>\n\t<meta name=\"twitter:data2\" content=\"6 minutes\" \/>\n<script type=\"application\/ld+json\" class=\"yoast-schema-graph\">{\"@context\":\"https:\/\/schema.org\",\"@graph\":[{\"@type\":\"Article\",\"@id\":\"https:\/\/logisticspm.com\/en\/felog-y-foro-intralogistico-lpm-el-conocimiento-contrastado-para-la-eficiencia-y-la-competitividad\/#article\",\"isPartOf\":{\"@id\":\"https:\/\/logisticspm.com\/en\/felog-y-foro-intralogistico-lpm-el-conocimiento-contrastado-para-la-eficiencia-y-la-competitividad\/\"},\"author\":{\"name\":\"ADmLpM\",\"@id\":\"https:\/\/logisticspm.com\/en\/#\/schema\/person\/97e2d52c6fe07ffc17ae5b32064099da\"},\"headline\":\"FELOG y Foro Intralog\u00edstico LPM: El conocimiento contrastado para la eficiencia y la competitividad\",\"datePublished\":\"2015-11-16T07:51:57+00:00\",\"dateModified\":\"2015-11-16T07:51:57+00:00\",\"mainEntityOfPage\":{\"@id\":\"https:\/\/logisticspm.com\/en\/felog-y-foro-intralogistico-lpm-el-conocimiento-contrastado-para-la-eficiencia-y-la-competitividad\/\"},\"wordCount\":1119,\"commentCount\":0,\"publisher\":{\"@id\":\"https:\/\/logisticspm.com\/en\/#organization\"},\"articleSection\":[\"Actualidad Almacen\",\"Eventos y Ferias\"],\"inLanguage\":\"en-US\",\"potentialAction\":[{\"@type\":\"CommentAction\",\"name\":\"Comment\",\"target\":[\"https:\/\/logisticspm.com\/en\/felog-y-foro-intralogistico-lpm-el-conocimiento-contrastado-para-la-eficiencia-y-la-competitividad\/#respond\"]}]},{\"@type\":\"WebPage\",\"@id\":\"https:\/\/logisticspm.com\/en\/felog-y-foro-intralogistico-lpm-el-conocimiento-contrastado-para-la-eficiencia-y-la-competitividad\/\",\"url\":\"https:\/\/logisticspm.com\/en\/felog-y-foro-intralogistico-lpm-el-conocimiento-contrastado-para-la-eficiencia-y-la-competitividad\/\",\"name\":\"FELOG y Foro Intralog\u00edstico LPM: El conocimiento contrastado para la eficiencia y la competitividad - LPM\",\"isPartOf\":{\"@id\":\"https:\/\/logisticspm.com\/en\/#website\"},\"datePublished\":\"2015-11-16T07:51:57+00:00\",\"dateModified\":\"2015-11-16T07:51:57+00:00\",\"breadcrumb\":{\"@id\":\"https:\/\/logisticspm.com\/en\/felog-y-foro-intralogistico-lpm-el-conocimiento-contrastado-para-la-eficiencia-y-la-competitividad\/#breadcrumb\"},\"inLanguage\":\"en-US\",\"potentialAction\":[{\"@type\":\"ReadAction\",\"target\":[\"https:\/\/logisticspm.com\/en\/felog-y-foro-intralogistico-lpm-el-conocimiento-contrastado-para-la-eficiencia-y-la-competitividad\/\"]}]},{\"@type\":\"BreadcrumbList\",\"@id\":\"https:\/\/logisticspm.com\/en\/felog-y-foro-intralogistico-lpm-el-conocimiento-contrastado-para-la-eficiencia-y-la-competitividad\/#breadcrumb\",\"itemListElement\":[{\"@type\":\"ListItem\",\"position\":1,\"name\":\"Portada\",\"item\":\"https:\/\/logisticspm.com\/en\/\"},{\"@type\":\"ListItem\",\"position\":2,\"name\":\"FELOG y Foro Intralog\u00edstico LPM: El conocimiento contrastado para la eficiencia y la competitividad\"}]},{\"@type\":\"WebSite\",\"@id\":\"https:\/\/logisticspm.com\/en\/#website\",\"url\":\"https:\/\/logisticspm.com\/en\/\",\"name\":\"LPM\",\"description\":\"Expertos en Intralog\u00edstica\",\"publisher\":{\"@id\":\"https:\/\/logisticspm.com\/en\/#organization\"},\"potentialAction\":[{\"@type\":\"SearchAction\",\"target\":{\"@type\":\"EntryPoint\",\"urlTemplate\":\"https:\/\/logisticspm.com\/en\/?s={search_term_string}\"},\"query-input\":\"required name=search_term_string\"}],\"inLanguage\":\"en-US\"},{\"@type\":\"Organization\",\"@id\":\"https:\/\/logisticspm.com\/en\/#organization\",\"name\":\"Logistics Project Management - LPM\",\"url\":\"https:\/\/logisticspm.com\/en\/\",\"logo\":{\"@type\":\"ImageObject\",\"inLanguage\":\"en-US\",\"@id\":\"https:\/\/logisticspm.com\/en\/#\/schema\/logo\/image\/\",\"url\":\"https:\/\/logisticspm.com\/wp-content\/uploads\/2017\/05\/LPM-logistic-project-managment.png\",\"contentUrl\":\"https:\/\/logisticspm.com\/wp-content\/uploads\/2017\/05\/LPM-logistic-project-managment.png\",\"width\":240,\"height\":130,\"caption\":\"Logistics Project Management - LPM\"},\"image\":{\"@id\":\"https:\/\/logisticspm.com\/en\/#\/schema\/logo\/image\/\"}},{\"@type\":\"Person\",\"@id\":\"https:\/\/logisticspm.com\/en\/#\/schema\/person\/97e2d52c6fe07ffc17ae5b32064099da\",\"name\":\"ADmLpM\",\"image\":{\"@type\":\"ImageObject\",\"inLanguage\":\"en-US\",\"@id\":\"https:\/\/logisticspm.com\/en\/#\/schema\/person\/image\/\",\"url\":\"https:\/\/secure.gravatar.com\/avatar\/080a7400731763841ce0027a8ade63ca?s=96&d=mm&r=g\",\"contentUrl\":\"https:\/\/secure.gravatar.com\/avatar\/080a7400731763841ce0027a8ade63ca?s=96&d=mm&r=g\",\"caption\":\"ADmLpM\"}}]}<\/script>\n<!-- \/ Yoast SEO plugin. -->","yoast_head_json":{"title":"FELOG y Foro Intralog\u00edstico LPM: El conocimiento contrastado para la eficiencia y la competitividad - LPM","robots":{"index":"index","follow":"follow","max-snippet":"max-snippet:-1","max-image-preview":"max-image-preview:large","max-video-preview":"max-video-preview:-1"},"canonical":"https:\/\/logisticspm.com\/en\/felog-y-foro-intralogistico-lpm-el-conocimiento-contrastado-para-la-eficiencia-y-la-competitividad\/","og_locale":"en_US","og_type":"article","og_title":"FELOG y Foro Intralog\u00edstico LPM: El conocimiento contrastado para la eficiencia y la competitividad - LPM","og_description":"El pasado de mes de setiembre se present\u00f3 la obra:\u00a0\u201cEl Libro Rojo de la Log\u00edstica\u201d, promovido por el Foro de Expertos Log\u00edsticos (FELOG) con este mensaje:\u00a0\u201cA todos los profesionales de la log\u00edstica en el mundo, por la gran labor que diariamente realizan al conseguir entregar...","og_url":"https:\/\/logisticspm.com\/en\/felog-y-foro-intralogistico-lpm-el-conocimiento-contrastado-para-la-eficiencia-y-la-competitividad\/","og_site_name":"LPM","article_published_time":"2015-11-16T07:51:57+00:00","author":"ADmLpM","twitter_card":"summary_large_image","twitter_misc":{"Written by":"ADmLpM","Est. reading time":"6 minutes"},"schema":{"@context":"https:\/\/schema.org","@graph":[{"@type":"Article","@id":"https:\/\/logisticspm.com\/en\/felog-y-foro-intralogistico-lpm-el-conocimiento-contrastado-para-la-eficiencia-y-la-competitividad\/#article","isPartOf":{"@id":"https:\/\/logisticspm.com\/en\/felog-y-foro-intralogistico-lpm-el-conocimiento-contrastado-para-la-eficiencia-y-la-competitividad\/"},"author":{"name":"ADmLpM","@id":"https:\/\/logisticspm.com\/en\/#\/schema\/person\/97e2d52c6fe07ffc17ae5b32064099da"},"headline":"FELOG y Foro Intralog\u00edstico LPM: El conocimiento contrastado para la eficiencia y la competitividad","datePublished":"2015-11-16T07:51:57+00:00","dateModified":"2015-11-16T07:51:57+00:00","mainEntityOfPage":{"@id":"https:\/\/logisticspm.com\/en\/felog-y-foro-intralogistico-lpm-el-conocimiento-contrastado-para-la-eficiencia-y-la-competitividad\/"},"wordCount":1119,"commentCount":0,"publisher":{"@id":"https:\/\/logisticspm.com\/en\/#organization"},"articleSection":["Actualidad Almacen","Eventos y Ferias"],"inLanguage":"en-US","potentialAction":[{"@type":"CommentAction","name":"Comment","target":["https:\/\/logisticspm.com\/en\/felog-y-foro-intralogistico-lpm-el-conocimiento-contrastado-para-la-eficiencia-y-la-competitividad\/#respond"]}]},{"@type":"WebPage","@id":"https:\/\/logisticspm.com\/en\/felog-y-foro-intralogistico-lpm-el-conocimiento-contrastado-para-la-eficiencia-y-la-competitividad\/","url":"https:\/\/logisticspm.com\/en\/felog-y-foro-intralogistico-lpm-el-conocimiento-contrastado-para-la-eficiencia-y-la-competitividad\/","name":"FELOG y Foro Intralog\u00edstico LPM: El conocimiento contrastado para la eficiencia y la competitividad - LPM","isPartOf":{"@id":"https:\/\/logisticspm.com\/en\/#website"},"datePublished":"2015-11-16T07:51:57+00:00","dateModified":"2015-11-16T07:51:57+00:00","breadcrumb":{"@id":"https:\/\/logisticspm.com\/en\/felog-y-foro-intralogistico-lpm-el-conocimiento-contrastado-para-la-eficiencia-y-la-competitividad\/#breadcrumb"},"inLanguage":"en-US","potentialAction":[{"@type":"ReadAction","target":["https:\/\/logisticspm.com\/en\/felog-y-foro-intralogistico-lpm-el-conocimiento-contrastado-para-la-eficiencia-y-la-competitividad\/"]}]},{"@type":"BreadcrumbList","@id":"https:\/\/logisticspm.com\/en\/felog-y-foro-intralogistico-lpm-el-conocimiento-contrastado-para-la-eficiencia-y-la-competitividad\/#breadcrumb","itemListElement":[{"@type":"ListItem","position":1,"name":"Portada","item":"https:\/\/logisticspm.com\/en\/"},{"@type":"ListItem","position":2,"name":"FELOG y Foro Intralog\u00edstico LPM: El conocimiento contrastado para la eficiencia y la competitividad"}]},{"@type":"WebSite","@id":"https:\/\/logisticspm.com\/en\/#website","url":"https:\/\/logisticspm.com\/en\/","name":"LPM","description":"Expertos en Intralog\u00edstica","publisher":{"@id":"https:\/\/logisticspm.com\/en\/#organization"},"potentialAction":[{"@type":"SearchAction","target":{"@type":"EntryPoint","urlTemplate":"https:\/\/logisticspm.com\/en\/?s={search_term_string}"},"query-input":"required name=search_term_string"}],"inLanguage":"en-US"},{"@type":"Organization","@id":"https:\/\/logisticspm.com\/en\/#organization","name":"Logistics Project Management - LPM","url":"https:\/\/logisticspm.com\/en\/","logo":{"@type":"ImageObject","inLanguage":"en-US","@id":"https:\/\/logisticspm.com\/en\/#\/schema\/logo\/image\/","url":"https:\/\/logisticspm.com\/wp-content\/uploads\/2017\/05\/LPM-logistic-project-managment.png","contentUrl":"https:\/\/logisticspm.com\/wp-content\/uploads\/2017\/05\/LPM-logistic-project-managment.png","width":240,"height":130,"caption":"Logistics Project Management - LPM"},"image":{"@id":"https:\/\/logisticspm.com\/en\/#\/schema\/logo\/image\/"}},{"@type":"Person","@id":"https:\/\/logisticspm.com\/en\/#\/schema\/person\/97e2d52c6fe07ffc17ae5b32064099da","name":"ADmLpM","image":{"@type":"ImageObject","inLanguage":"en-US","@id":"https:\/\/logisticspm.com\/en\/#\/schema\/person\/image\/","url":"https:\/\/secure.gravatar.com\/avatar\/080a7400731763841ce0027a8ade63ca?s=96&d=mm&r=g","contentUrl":"https:\/\/secure.gravatar.com\/avatar\/080a7400731763841ce0027a8ade63ca?s=96&d=mm&r=g","caption":"ADmLpM"}}]}},"_links":{"self":[{"href":"https:\/\/logisticspm.com\/en\/wp-json\/wp\/v2\/posts\/2299"}],"collection":[{"href":"https:\/\/logisticspm.com\/en\/wp-json\/wp\/v2\/posts"}],"about":[{"href":"https:\/\/logisticspm.com\/en\/wp-json\/wp\/v2\/types\/post"}],"author":[{"embeddable":true,"href":"https:\/\/logisticspm.com\/en\/wp-json\/wp\/v2\/users\/1"}],"replies":[{"embeddable":true,"href":"https:\/\/logisticspm.com\/en\/wp-json\/wp\/v2\/comments?post=2299"}],"version-history":[{"count":0,"href":"https:\/\/logisticspm.com\/en\/wp-json\/wp\/v2\/posts\/2299\/revisions"}],"wp:attachment":[{"href":"https:\/\/logisticspm.com\/en\/wp-json\/wp\/v2\/media?parent=2299"}],"wp:term":[{"taxonomy":"category","embeddable":true,"href":"https:\/\/logisticspm.com\/en\/wp-json\/wp\/v2\/categories?post=2299"},{"taxonomy":"post_tag","embeddable":true,"href":"https:\/\/logisticspm.com\/en\/wp-json\/wp\/v2\/tags?post=2299"}],"curies":[{"name":"wp","href":"https:\/\/api.w.org\/{rel}","templated":true}]}}