{"id":2308,"date":"2015-09-21T08:29:41","date_gmt":"2015-09-21T08:29:41","guid":{"rendered":"https:\/\/logisticspm.com\/proximos-retos-los-almacenes-farmaceuticos-tensan-su-logistica-ante-el-aumento-del-gasto-sanitario\/"},"modified":"2015-09-21T08:29:41","modified_gmt":"2015-09-21T08:29:41","slug":"proximos-retos-los-almacenes-farmaceuticos-tensan-su-logistica-ante-el-aumento-del-gasto-sanitario","status":"publish","type":"post","link":"https:\/\/logisticspm.com\/en\/proximos-retos-los-almacenes-farmaceuticos-tensan-su-logistica-ante-el-aumento-del-gasto-sanitario\/","title":{"rendered":"Pr\u00f3ximos retos: los almacenes farmace\u00faticos \u201ctensan\u201d su log\u00edstica ante el aumento del gasto sanitario"},"content":{"rendered":"<p>Espa\u00f1a cuenta con un sistema log\u00edstico muy intensivo en el sector farmac\u00e9utico. En concreto, por las entregas diarias, en varios turnos horarios, de medicamentos a 21.458 farmacias (tercer pa\u00eds europeo en n\u00famero de farmacias, le preceden Turqu\u00eda y Francia). Esta circunstancia exige a los fabricantes de medicinas y a sus operadores log\u00edsticos a disponer de grandes almacenes automatizados y una supply chain \u00e1gil y flexible. Un ejemplo es el almac\u00e9n de la Federaci\u00f3n Farmace\u00fatica (Fedefarma):<\/p>\n<p>Respecto a modelos log\u00edsticos de marcas farmace\u00faticas, la ubicaci\u00f3n de las plataformas viene a ser esencial. Johnson &amp; Johnson, el grupo farmac\u00e9utico estadounidense, es referencia de esta tendencia. Hace cinco a\u00f1os que centraliza sus operaciones log\u00edsticas europeas, reduciendo el n\u00famero de centros de distribuci\u00f3n, que abarca varios pa\u00edses, de 23 a s\u00f3lo cinco. Opt\u00f3 por ubicar sus principales instalaciones en Courcelles y La Louvi\u00e8re, ambos situados cerca de la ciudad industrial de Charleroi. Las actividades de consolidaci\u00f3n estaban dispersas a trav\u00e9s de 15 ubicaciones europeas. La compa\u00f1\u00eda dice que varios factores contribuyeron a la decisi\u00f3n de ubicar en Valonia. La m\u00e1s importante fue la densa red de carreteras y la proximidad a los puertos del Mar del Norte. \u201cValonia fue bueno en t\u00e9rminos de subvenci\u00f3n del gobierno regional, buenas autopistas, aeropuertos y compa\u00f1\u00edas de transporte\u201d, dice Johnson &amp; Johnson. \u201cTambi\u00e9n ten\u00eda una fuerza de trabajo disponible para trabajar all\u00ed. El desempleo es alto en la regi\u00f3n, y era importante para nosotros en t\u00e9rminos de la contrataci\u00f3n de un alto volumen de profesionales, en poco tiempo \u201c. Adem\u00e1s, Valonia se beneficia de la falta de la congesti\u00f3n del tr\u00e1fico, un problema que afecta a su vecino del norte, Flandes.<\/p>\n<p>Los almacenes de las marcas farmace\u00faticas ven un horizonte en Espa\u00f1a de gran aumento de la carga de trabajo, gracias al aumento del gasto sanitario. Seg\u00fan ha informado El Vig\u00eda, la presentaci\u00f3n de los Presupuestos Generales del Estado (PGE) para 2016 ha insuflado optimismo al sector log\u00edstico sanitario espa\u00f1ol. Los expertos se muestran convencidos de que el aumento del gasto p\u00fablico destinado a Sanidad \u2013que ascender\u00e1 a 4.001,62 millones de euros, un 3,6% m\u00e1s\u2013, tendr\u00e1 un impacto directo sobre este negocio y se traducir\u00e1 en un incremento de la demanda de productos y material sanitario.\u00a0En cualquier caso, habr\u00e1 que esperar al desarrollo posterior de los Presupuestos Generales del Estado 2016, tras el resultado de las Elecciones Generales a finales de diciembre.<\/p>\n<p><strong>El big data en la log\u00edstica farmac\u00e9utica<\/strong><\/p>\n<p>Joan San Salvador, Ingeniero Industrial de LabWare, ha publicado reci\u00e9ntemente este interesante an\u00e1lisis sobre la supply chain farmac\u00e9utica:<br \/>\n\u201cEn el caso de Espa\u00f1a, la industria farmac\u00e9utica ha sufrido en los \u00faltimos a\u00f1os sucesivas reducciones de los precios regulados con la consiguiente reducci\u00f3n de m\u00e1rgenes. Adicionalmente, debemos tener en cuenta los cambios en la demanda que han afectado, entre otros factores, al tama\u00f1o de los pedidos, que son cada vez m\u00e1s peque\u00f1os, lo que encarece su preparaci\u00f3n y transporte hasta los puntos de consumo. La mejora del margen conlleva mejorar la cadena de suministro. Si tenemos en cuenta que a medida que avanza el ciclo de fabricaci\u00f3n de un producto sobre \u00e9ste inciden tanto los costes de producci\u00f3n, como los costes log\u00edsticos, y que una gran parte de los medicamentos, como hemos dicho anteriormente, tiene su precio regulado, queda patente el hecho de que una mejora en el margen conlleva necesariamente una mejora en la cadena de suministro. Desde el punto de vista de la producci\u00f3n, el sector ha conseguido grandes avances en eficiencia y productividad, con inversiones continuas en bienes de capital y mejoras de procedimientos operacionales. Unos niveles de inversi\u00f3n que no se han realizado en log\u00edstica, por lo que la log\u00edstica abre la puerta a la consecuci\u00f3n de nuevas ventajas competitivas, basadas en una mayor eficiencia de la log\u00edstica integral de la empresa, que no s\u00f3lo gestiona flujos de materiales sino tambi\u00e9n flujos de informaci\u00f3n.Hoy en d\u00eda, disponemos de grandes vol\u00famenes de datos, de los que no se extraen todos los beneficios posibles, debido a la dificultad de convertirlos en informaci\u00f3n \u00fatil. Los datos de fabricaci\u00f3n suelen estar dispersos en distintos sistemas: gu\u00edas en papel, registros de an\u00e1lisis, datos de control ambiental, hojas de c\u00e1lculo, etc. Adem\u00e1s, los sistemas log\u00edsticos no siempre se encuentran totalmente integrados con los sistemas productivos. Sin embargo, un sistema integrado que permita aprovechar esos datos y convertirlos en informaci\u00f3n \u00fatil, deviene en un factor competitivo de indudable valor para la empresa, a la vez que facilita la aplicaci\u00f3n de procesos de mejora continua y LEAN de forma eficiente. Cada vez m\u00e1s empresas, optan por la renovaci\u00f3n de sus herramientas de gesti\u00f3n, implantando software especializado, que abre el camino a la consecuci\u00f3n de una mejor posici\u00f3n competitiva. Por otra parte, la trazabilidad entendida en su concepto m\u00e1s amplio, incluye los movimientos materiales; operaciones y operarios que las realizan ; equipos empleados; datos medioambientales; flujos de informaci\u00f3n y un sistema de calidad que asegure que las operaciones se llevan a cabo seg\u00fan procedimientos validados. En definitiva, todo el ciclo de elaboraci\u00f3n de los productos debe apoyarse en los correspondientes flujos de informaci\u00f3n para aprovechar el conocimiento que proporcionan los datos\u201d.<\/p>\n","protected":false},"excerpt":{"rendered":"<p>Espa\u00f1a cuenta con un sistema log\u00edstico muy intensivo en el sector farmac\u00e9utico. En concreto, por las entregas diarias, en varios turnos horarios, de medicamentos a 21.458 farmacias (tercer pa\u00eds europeo en n\u00famero de farmacias, le preceden Turqu\u00eda y Francia). Esta circunstancia exige a los fabricantes&#8230;<\/p>\n","protected":false},"author":1,"featured_media":0,"comment_status":"open","ping_status":"open","sticky":false,"template":"","format":"standard","meta":[],"categories":[29],"tags":[],"yoast_head":"<!-- This site is optimized with the Yoast SEO plugin v20.0 - https:\/\/yoast.com\/wordpress\/plugins\/seo\/ -->\n<title>Pr\u00f3ximos retos: los almacenes farmace\u00faticos \u201ctensan\u201d su log\u00edstica ante el aumento del gasto sanitario - LPM<\/title>\n<meta name=\"robots\" content=\"index, follow, max-snippet:-1, max-image-preview:large, max-video-preview:-1\" \/>\n<link rel=\"canonical\" href=\"https:\/\/logisticspm.com\/en\/proximos-retos-los-almacenes-farmaceuticos-tensan-su-logistica-ante-el-aumento-del-gasto-sanitario\/\" \/>\n<meta property=\"og:locale\" content=\"en_US\" \/>\n<meta property=\"og:type\" content=\"article\" \/>\n<meta property=\"og:title\" content=\"Pr\u00f3ximos retos: los almacenes farmace\u00faticos \u201ctensan\u201d su log\u00edstica ante el aumento del gasto sanitario - LPM\" \/>\n<meta property=\"og:description\" content=\"Espa\u00f1a cuenta con un sistema log\u00edstico muy intensivo en el sector farmac\u00e9utico. En concreto, por las entregas diarias, en varios turnos horarios, de medicamentos a 21.458 farmacias (tercer pa\u00eds europeo en n\u00famero de farmacias, le preceden Turqu\u00eda y Francia). Esta circunstancia exige a los fabricantes...\" \/>\n<meta property=\"og:url\" content=\"https:\/\/logisticspm.com\/en\/proximos-retos-los-almacenes-farmaceuticos-tensan-su-logistica-ante-el-aumento-del-gasto-sanitario\/\" \/>\n<meta property=\"og:site_name\" content=\"LPM\" \/>\n<meta property=\"article:published_time\" content=\"2015-09-21T08:29:41+00:00\" \/>\n<meta name=\"author\" content=\"ADmLpM\" \/>\n<meta name=\"twitter:card\" content=\"summary_large_image\" \/>\n<meta name=\"twitter:label1\" content=\"Written by\" \/>\n\t<meta name=\"twitter:data1\" content=\"ADmLpM\" \/>\n\t<meta name=\"twitter:label2\" content=\"Est. reading time\" \/>\n\t<meta name=\"twitter:data2\" content=\"5 minutes\" \/>\n<script type=\"application\/ld+json\" class=\"yoast-schema-graph\">{\"@context\":\"https:\/\/schema.org\",\"@graph\":[{\"@type\":\"Article\",\"@id\":\"https:\/\/logisticspm.com\/en\/proximos-retos-los-almacenes-farmaceuticos-tensan-su-logistica-ante-el-aumento-del-gasto-sanitario\/#article\",\"isPartOf\":{\"@id\":\"https:\/\/logisticspm.com\/en\/proximos-retos-los-almacenes-farmaceuticos-tensan-su-logistica-ante-el-aumento-del-gasto-sanitario\/\"},\"author\":{\"name\":\"ADmLpM\",\"@id\":\"https:\/\/logisticspm.com\/en\/#\/schema\/person\/97e2d52c6fe07ffc17ae5b32064099da\"},\"headline\":\"Pr\u00f3ximos retos: los almacenes farmace\u00faticos \u201ctensan\u201d su log\u00edstica ante el aumento del gasto sanitario\",\"datePublished\":\"2015-09-21T08:29:41+00:00\",\"dateModified\":\"2015-09-21T08:29:41+00:00\",\"mainEntityOfPage\":{\"@id\":\"https:\/\/logisticspm.com\/en\/proximos-retos-los-almacenes-farmaceuticos-tensan-su-logistica-ante-el-aumento-del-gasto-sanitario\/\"},\"wordCount\":949,\"commentCount\":0,\"publisher\":{\"@id\":\"https:\/\/logisticspm.com\/en\/#organization\"},\"articleSection\":[\"Actualidad Almacen\"],\"inLanguage\":\"en-US\",\"potentialAction\":[{\"@type\":\"CommentAction\",\"name\":\"Comment\",\"target\":[\"https:\/\/logisticspm.com\/en\/proximos-retos-los-almacenes-farmaceuticos-tensan-su-logistica-ante-el-aumento-del-gasto-sanitario\/#respond\"]}]},{\"@type\":\"WebPage\",\"@id\":\"https:\/\/logisticspm.com\/en\/proximos-retos-los-almacenes-farmaceuticos-tensan-su-logistica-ante-el-aumento-del-gasto-sanitario\/\",\"url\":\"https:\/\/logisticspm.com\/en\/proximos-retos-los-almacenes-farmaceuticos-tensan-su-logistica-ante-el-aumento-del-gasto-sanitario\/\",\"name\":\"Pr\u00f3ximos retos: los almacenes farmace\u00faticos \u201ctensan\u201d su log\u00edstica ante el aumento del gasto sanitario - LPM\",\"isPartOf\":{\"@id\":\"https:\/\/logisticspm.com\/en\/#website\"},\"datePublished\":\"2015-09-21T08:29:41+00:00\",\"dateModified\":\"2015-09-21T08:29:41+00:00\",\"breadcrumb\":{\"@id\":\"https:\/\/logisticspm.com\/en\/proximos-retos-los-almacenes-farmaceuticos-tensan-su-logistica-ante-el-aumento-del-gasto-sanitario\/#breadcrumb\"},\"inLanguage\":\"en-US\",\"potentialAction\":[{\"@type\":\"ReadAction\",\"target\":[\"https:\/\/logisticspm.com\/en\/proximos-retos-los-almacenes-farmaceuticos-tensan-su-logistica-ante-el-aumento-del-gasto-sanitario\/\"]}]},{\"@type\":\"BreadcrumbList\",\"@id\":\"https:\/\/logisticspm.com\/en\/proximos-retos-los-almacenes-farmaceuticos-tensan-su-logistica-ante-el-aumento-del-gasto-sanitario\/#breadcrumb\",\"itemListElement\":[{\"@type\":\"ListItem\",\"position\":1,\"name\":\"Portada\",\"item\":\"https:\/\/logisticspm.com\/en\/\"},{\"@type\":\"ListItem\",\"position\":2,\"name\":\"Pr\u00f3ximos retos: los almacenes farmace\u00faticos \u201ctensan\u201d su log\u00edstica ante el aumento del gasto sanitario\"}]},{\"@type\":\"WebSite\",\"@id\":\"https:\/\/logisticspm.com\/en\/#website\",\"url\":\"https:\/\/logisticspm.com\/en\/\",\"name\":\"LPM\",\"description\":\"Expertos en Intralog\u00edstica\",\"publisher\":{\"@id\":\"https:\/\/logisticspm.com\/en\/#organization\"},\"potentialAction\":[{\"@type\":\"SearchAction\",\"target\":{\"@type\":\"EntryPoint\",\"urlTemplate\":\"https:\/\/logisticspm.com\/en\/?s={search_term_string}\"},\"query-input\":\"required name=search_term_string\"}],\"inLanguage\":\"en-US\"},{\"@type\":\"Organization\",\"@id\":\"https:\/\/logisticspm.com\/en\/#organization\",\"name\":\"Logistics Project Management - LPM\",\"url\":\"https:\/\/logisticspm.com\/en\/\",\"logo\":{\"@type\":\"ImageObject\",\"inLanguage\":\"en-US\",\"@id\":\"https:\/\/logisticspm.com\/en\/#\/schema\/logo\/image\/\",\"url\":\"https:\/\/logisticspm.com\/wp-content\/uploads\/2017\/05\/LPM-logistic-project-managment.png\",\"contentUrl\":\"https:\/\/logisticspm.com\/wp-content\/uploads\/2017\/05\/LPM-logistic-project-managment.png\",\"width\":240,\"height\":130,\"caption\":\"Logistics Project Management - LPM\"},\"image\":{\"@id\":\"https:\/\/logisticspm.com\/en\/#\/schema\/logo\/image\/\"}},{\"@type\":\"Person\",\"@id\":\"https:\/\/logisticspm.com\/en\/#\/schema\/person\/97e2d52c6fe07ffc17ae5b32064099da\",\"name\":\"ADmLpM\",\"image\":{\"@type\":\"ImageObject\",\"inLanguage\":\"en-US\",\"@id\":\"https:\/\/logisticspm.com\/en\/#\/schema\/person\/image\/\",\"url\":\"https:\/\/secure.gravatar.com\/avatar\/080a7400731763841ce0027a8ade63ca?s=96&d=mm&r=g\",\"contentUrl\":\"https:\/\/secure.gravatar.com\/avatar\/080a7400731763841ce0027a8ade63ca?s=96&d=mm&r=g\",\"caption\":\"ADmLpM\"}}]}<\/script>\n<!-- \/ Yoast SEO plugin. -->","yoast_head_json":{"title":"Pr\u00f3ximos retos: los almacenes farmace\u00faticos \u201ctensan\u201d su log\u00edstica ante el aumento del gasto sanitario - LPM","robots":{"index":"index","follow":"follow","max-snippet":"max-snippet:-1","max-image-preview":"max-image-preview:large","max-video-preview":"max-video-preview:-1"},"canonical":"https:\/\/logisticspm.com\/en\/proximos-retos-los-almacenes-farmaceuticos-tensan-su-logistica-ante-el-aumento-del-gasto-sanitario\/","og_locale":"en_US","og_type":"article","og_title":"Pr\u00f3ximos retos: los almacenes farmace\u00faticos \u201ctensan\u201d su log\u00edstica ante el aumento del gasto sanitario - LPM","og_description":"Espa\u00f1a cuenta con un sistema log\u00edstico muy intensivo en el sector farmac\u00e9utico. En concreto, por las entregas diarias, en varios turnos horarios, de medicamentos a 21.458 farmacias (tercer pa\u00eds europeo en n\u00famero de farmacias, le preceden Turqu\u00eda y Francia). Esta circunstancia exige a los fabricantes...","og_url":"https:\/\/logisticspm.com\/en\/proximos-retos-los-almacenes-farmaceuticos-tensan-su-logistica-ante-el-aumento-del-gasto-sanitario\/","og_site_name":"LPM","article_published_time":"2015-09-21T08:29:41+00:00","author":"ADmLpM","twitter_card":"summary_large_image","twitter_misc":{"Written by":"ADmLpM","Est. reading time":"5 minutes"},"schema":{"@context":"https:\/\/schema.org","@graph":[{"@type":"Article","@id":"https:\/\/logisticspm.com\/en\/proximos-retos-los-almacenes-farmaceuticos-tensan-su-logistica-ante-el-aumento-del-gasto-sanitario\/#article","isPartOf":{"@id":"https:\/\/logisticspm.com\/en\/proximos-retos-los-almacenes-farmaceuticos-tensan-su-logistica-ante-el-aumento-del-gasto-sanitario\/"},"author":{"name":"ADmLpM","@id":"https:\/\/logisticspm.com\/en\/#\/schema\/person\/97e2d52c6fe07ffc17ae5b32064099da"},"headline":"Pr\u00f3ximos retos: los almacenes farmace\u00faticos \u201ctensan\u201d su log\u00edstica ante el aumento del gasto sanitario","datePublished":"2015-09-21T08:29:41+00:00","dateModified":"2015-09-21T08:29:41+00:00","mainEntityOfPage":{"@id":"https:\/\/logisticspm.com\/en\/proximos-retos-los-almacenes-farmaceuticos-tensan-su-logistica-ante-el-aumento-del-gasto-sanitario\/"},"wordCount":949,"commentCount":0,"publisher":{"@id":"https:\/\/logisticspm.com\/en\/#organization"},"articleSection":["Actualidad Almacen"],"inLanguage":"en-US","potentialAction":[{"@type":"CommentAction","name":"Comment","target":["https:\/\/logisticspm.com\/en\/proximos-retos-los-almacenes-farmaceuticos-tensan-su-logistica-ante-el-aumento-del-gasto-sanitario\/#respond"]}]},{"@type":"WebPage","@id":"https:\/\/logisticspm.com\/en\/proximos-retos-los-almacenes-farmaceuticos-tensan-su-logistica-ante-el-aumento-del-gasto-sanitario\/","url":"https:\/\/logisticspm.com\/en\/proximos-retos-los-almacenes-farmaceuticos-tensan-su-logistica-ante-el-aumento-del-gasto-sanitario\/","name":"Pr\u00f3ximos retos: los almacenes farmace\u00faticos \u201ctensan\u201d su log\u00edstica ante el aumento del gasto sanitario - LPM","isPartOf":{"@id":"https:\/\/logisticspm.com\/en\/#website"},"datePublished":"2015-09-21T08:29:41+00:00","dateModified":"2015-09-21T08:29:41+00:00","breadcrumb":{"@id":"https:\/\/logisticspm.com\/en\/proximos-retos-los-almacenes-farmaceuticos-tensan-su-logistica-ante-el-aumento-del-gasto-sanitario\/#breadcrumb"},"inLanguage":"en-US","potentialAction":[{"@type":"ReadAction","target":["https:\/\/logisticspm.com\/en\/proximos-retos-los-almacenes-farmaceuticos-tensan-su-logistica-ante-el-aumento-del-gasto-sanitario\/"]}]},{"@type":"BreadcrumbList","@id":"https:\/\/logisticspm.com\/en\/proximos-retos-los-almacenes-farmaceuticos-tensan-su-logistica-ante-el-aumento-del-gasto-sanitario\/#breadcrumb","itemListElement":[{"@type":"ListItem","position":1,"name":"Portada","item":"https:\/\/logisticspm.com\/en\/"},{"@type":"ListItem","position":2,"name":"Pr\u00f3ximos retos: los almacenes farmace\u00faticos \u201ctensan\u201d su log\u00edstica ante el aumento del gasto sanitario"}]},{"@type":"WebSite","@id":"https:\/\/logisticspm.com\/en\/#website","url":"https:\/\/logisticspm.com\/en\/","name":"LPM","description":"Expertos en Intralog\u00edstica","publisher":{"@id":"https:\/\/logisticspm.com\/en\/#organization"},"potentialAction":[{"@type":"SearchAction","target":{"@type":"EntryPoint","urlTemplate":"https:\/\/logisticspm.com\/en\/?s={search_term_string}"},"query-input":"required name=search_term_string"}],"inLanguage":"en-US"},{"@type":"Organization","@id":"https:\/\/logisticspm.com\/en\/#organization","name":"Logistics Project Management - LPM","url":"https:\/\/logisticspm.com\/en\/","logo":{"@type":"ImageObject","inLanguage":"en-US","@id":"https:\/\/logisticspm.com\/en\/#\/schema\/logo\/image\/","url":"https:\/\/logisticspm.com\/wp-content\/uploads\/2017\/05\/LPM-logistic-project-managment.png","contentUrl":"https:\/\/logisticspm.com\/wp-content\/uploads\/2017\/05\/LPM-logistic-project-managment.png","width":240,"height":130,"caption":"Logistics Project Management - LPM"},"image":{"@id":"https:\/\/logisticspm.com\/en\/#\/schema\/logo\/image\/"}},{"@type":"Person","@id":"https:\/\/logisticspm.com\/en\/#\/schema\/person\/97e2d52c6fe07ffc17ae5b32064099da","name":"ADmLpM","image":{"@type":"ImageObject","inLanguage":"en-US","@id":"https:\/\/logisticspm.com\/en\/#\/schema\/person\/image\/","url":"https:\/\/secure.gravatar.com\/avatar\/080a7400731763841ce0027a8ade63ca?s=96&d=mm&r=g","contentUrl":"https:\/\/secure.gravatar.com\/avatar\/080a7400731763841ce0027a8ade63ca?s=96&d=mm&r=g","caption":"ADmLpM"}}]}},"_links":{"self":[{"href":"https:\/\/logisticspm.com\/en\/wp-json\/wp\/v2\/posts\/2308"}],"collection":[{"href":"https:\/\/logisticspm.com\/en\/wp-json\/wp\/v2\/posts"}],"about":[{"href":"https:\/\/logisticspm.com\/en\/wp-json\/wp\/v2\/types\/post"}],"author":[{"embeddable":true,"href":"https:\/\/logisticspm.com\/en\/wp-json\/wp\/v2\/users\/1"}],"replies":[{"embeddable":true,"href":"https:\/\/logisticspm.com\/en\/wp-json\/wp\/v2\/comments?post=2308"}],"version-history":[{"count":0,"href":"https:\/\/logisticspm.com\/en\/wp-json\/wp\/v2\/posts\/2308\/revisions"}],"wp:attachment":[{"href":"https:\/\/logisticspm.com\/en\/wp-json\/wp\/v2\/media?parent=2308"}],"wp:term":[{"taxonomy":"category","embeddable":true,"href":"https:\/\/logisticspm.com\/en\/wp-json\/wp\/v2\/categories?post=2308"},{"taxonomy":"post_tag","embeddable":true,"href":"https:\/\/logisticspm.com\/en\/wp-json\/wp\/v2\/tags?post=2308"}],"curies":[{"name":"wp","href":"https:\/\/api.w.org\/{rel}","templated":true}]}}