{"id":2345,"date":"2015-02-19T11:03:14","date_gmt":"2015-02-19T11:03:14","guid":{"rendered":"https:\/\/logisticspm.com\/precauciones-basicas-en-el-almacenamiento-distribucion-frigorifica-y-temperatura-controlada\/"},"modified":"2015-02-19T11:03:14","modified_gmt":"2015-02-19T11:03:14","slug":"precauciones-basicas-en-el-almacenamiento-distribucion-frigorifica-y-temperatura-controlada","status":"publish","type":"post","link":"https:\/\/logisticspm.com\/en\/precauciones-basicas-en-el-almacenamiento-distribucion-frigorifica-y-temperatura-controlada\/","title":{"rendered":"Precauciones b\u00e1sicas en el almacenamiento, distribuci\u00f3n frigor\u00edfica y temperatura controlada"},"content":{"rendered":"<p>La rotura de la cadena de fr\u00edo es una de la hist\u00f3ricas asignaturas pendientes de la\u00a0<a href=\"http:\/\/www.logisticspm.com\/\">Supply Chain<\/a>. Tanto en la salida de la mercanc\u00eda del almac\u00e9n fr\u00edo (o temperatura controlada), como dentro del cami\u00f3n, su distribuci\u00f3n y la recepci\u00f3n del cliente final o en su espacio fr\u00edo. Aqu\u00ed vamos a centrarnos en la situaci\u00f3n del almac\u00e9n y en la distribuci\u00f3n capilar. La patronal Aldefe reune a 43 compa\u00f1\u00edas de almacenamiento frigor\u00edfico que gestionan 50 instalaciones (casi 2 millones de m3) en toda Espa\u00f1a.<\/p>\n<p><span id=\"more-377\"><\/span><br \/>\n<strong>Marcos Badenes,<\/strong>\u00a0Gerente de la Asociaci\u00f3n de Explotaciones Frigor\u00edficas, Log\u00edstica\u00a0y Distribuci\u00f3n de Espa\u00f1a, Aldefe, ha realizado reci\u00e9ntemente este minucioso diagn\u00f3stico sobre dicho sector:\u00a0<em>\u201cEn el almacenamiento frigor\u00edfico nos encontramos con la entrada en juego de la automatizaci\u00f3n de los almacenes frigor\u00edficos, que depender\u00e1 del producto a almacenar y del tipo de tratamiento log\u00edstico, ya que no es lo mismo un centro de distribuci\u00f3n fabril con pocas referencias que un centro log\u00edstico multiproducto que puede manejar cientos de ella. En el primer caso la automatizaci\u00f3n puede ser completa, en el segundo depender\u00e1 mucho de su actividad y probablemente se tenga que simultanear automatizaci\u00f3n con servicio a cargo de personal. Tambi\u00e9n la eficiencia energ\u00e9tica en iluminaci\u00f3n ha resultado ser un punto de convergencia entre distintas explotaciones frigor\u00edficas que han apostado por reducir de forma muy importante el consumo en iluminaci\u00f3n. Adem\u00e1s, temas como las motorizaciones, con la aparici\u00f3n de los motores de inducci\u00f3n, sistemas de control o aislantes de nueva generaci\u00f3n completan unas pinceladas bastante significativas. Tambi\u00e9n en el transporte hay nuevas tecnolog\u00edas que irrumpen con fuerza. Son un reto las novedades normativas que pueden devenir en un futuro no muy lejano, la huella de CO2, los impuestos ecol\u00f3gicos, la reducci\u00f3n del uso de CFC en las instalaciones como consecuencia de la aplicaci\u00f3n de la normativa europea y el desarrollo de la Ley de Mercado \u00danico que permita mejorar la situaci\u00f3n, ciertamente llamativa, de variaciones sustanciales en el funcionamiento y aplicaci\u00f3n de la legislaci\u00f3n dependiendo de la Comunidad Aut\u00f3noma donde est\u00e9 la instalaci\u00f3n. Eso es especialmente sangrante en el caso de grandes log\u00edsticas del fr\u00edo que trabajan por raz\u00f3n de su actividad en todo el Estado. El sector tiene una asignatura pendiente: el ajuste entre la demanda y la oferta de almacenamiento, que en la actualidad est\u00e1 claramente desequilibrada y que por necesidad tendr\u00e1 que tender a igualarse para que el sector y la actividad sean rentables econ\u00f3micamente. En este caso hay que citar lo que desde Aldefe consideramos una competencia desleal existente desde los almacenes frigor\u00edficos privados frente a los p\u00fablicos.Tanto en Europa como en Espa\u00f1a est\u00e1 claro que el sector del almacenamiento frigor\u00edfico y la log\u00edstica a temperatura controlada tiene futuro. El incremento en los \u00faltimos a\u00f1os del consumo de productos congelados y refrigerados en toda Europa ha sido constante y no parece que decaiga. En este marco parece que la optimizaci\u00f3n viene de la mano de la aplicaci\u00f3n de nuevas tecnolog\u00edas, espec\u00edficamente rob\u00f3tica y mecanizaci\u00f3n; la reducci\u00f3n de consumo energ\u00e9tico; la armonizaci\u00f3n normativa y una inevitable concentraci\u00f3n de operadores que, de una manera u otra, venimos observando a lo ancho y largo de Europa y de Espa\u00f1a\u201d.<\/em><\/p>\n<p>El almacenamiento frigor\u00edfico para alimentaci\u00f3n, perecederos, congelados, y productos farmac\u00e9uticos son horizontes estrat\u00e9gicos para esta industria. Un ejemplo reciente. IDI Gazeley construye en Torrej\u00f3n de Ardoz (Pol\u00edgono Casablanca) para Carrefour 23.000 m2, especializados en fr\u00edo. Se trata de una de las mayores instalaciones frigor\u00edficas en Espa\u00f1a y Europa.<\/p>\n<p><strong>Protocolo para conversar la cadena de fr\u00edo<\/strong><\/p>\n<p>Seg\u00fan el Servicio de Salud P\u00fablica del Ayuntamiento de Madrid se requieren las siguientes medidas. La Reglamentaci\u00f3n T\u00e9cnica Sanitaria de transporte de alimentos a temperatura regulada, y el Acuerdo sobre Transportes internacionales de Mercanc\u00edas Perecederas y veh\u00edculos especiales utilizados en estos transportes (A.T.P.), establecen 2 tipos b\u00e1sicos de veh\u00edculos en funci\u00f3n de la fuente de fr\u00edo utilizada:<\/p>\n<ul>\n<li>Frigor\u00edficos: Disponen de un dispositivo de producci\u00f3n de fr\u00edo.<\/li>\n<li>Refrigerantes: No disponen de dispositivo de producci\u00f3n de fr\u00edo. En su lugar presentan una fuente de fr\u00edo como por ejemplo, hielo, placas eut\u00e9cticas o gases licuados.<\/li>\n<\/ul>\n<p>Seg\u00fan esta fuente de informaci\u00f3n, la diferencia fundamental entre ellos es que mientras en los frigor\u00edficos se puede decir que el fr\u00edo que producen es inagotable, en los refrigerantes su fr\u00edo se agota con el paso del tiempo. Tal vez sea \u00e9ste el motivo por el que la mayor\u00eda de los transportistas de veh\u00edculos que se deciden a realizar distribuci\u00f3n de alimentos a nivel local, se decantan por la colocaci\u00f3n de un equipo frigor\u00edfico antes que de uno refrigerante. Otros transportistas utilizan veh\u00edculos Isotermos, los que ni siquiera tienen fuente de fr\u00edo. Esto es admitido por la legislaci\u00f3n, aunque bajo algunos condicionantes como son:<\/p>\n<ul>\n<li>La duraci\u00f3n del transporte ser\u00e1 limitada o la temperatura ambiente pr\u00f3xima a la exigida para los alimentos en cuesti\u00f3n.<\/li>\n<li>Siempre en el momento de la descarga la temperatura de los productos estar\u00e1 dentro de la exigida para ese producto en su legislaci\u00f3n aplicable. Este \u00faltimo requisito hace pr\u00e1cticamente insostenible la utilizaci\u00f3n de los veh\u00edculos s\u00f3lo isotermos en verano, salvo que a dicho veh\u00edculo se le a\u00f1ada una fuente de fr\u00edo adicional, por ejemplo hielo en productos de la pesca, o PCM (materiales de cambio de fase, esto es, los t\u00edpicos bloques de pl\u00e1stico autorizados para alimentaci\u00f3n conteniendo l\u00edquido refrigerante).<\/li>\n<\/ul>\n<p>Desde el Ayuntamiento de Madrid se decantan por el equipo frigor\u00edfico reforzado tipo C (FRC),respetando estas condiciones:<\/p>\n<p>\u2022 El equipo debe encenderse como regla general al menos media hora antes, con el fin de preenfriar la caja del vehiculo.<br \/>\n\u2022 Y adem\u00e1s debe dejarlo encendido hasta la \u00faltima entrega de la mercanc\u00eda.Tambi\u00e9n debe regularlo por debajo de 0\u00baC, ya que si la temperatura exterior fuera de 40\u00baC al sol, el veh\u00edculo se calentar\u00eda y el aire que entra cada vez que usted abra las puertas para descargar, ser\u00e1 aire a esa temperatura. El hecho de regular su equipo para alcanzar temperaturas por debajo de 0\u00baC, le puede ocasionar algunas incidencias en la carga de mercanc\u00edas perecederas, como la desecaci\u00f3n de las piezas donde incida directamente el caudal del aire fr\u00edo o tambi\u00e9n la congelaci\u00f3n de dichas piezas, si dicho caudal es lo suficientemente fr\u00edo para producirla, causando defectos de calidad en los productos. Estos defectos pueden prevenirse mediante una adecuada estiba o colocaci\u00f3n de la mercanc\u00eda en la caja del veh\u00edculo.<\/p>\n<p>La administraci\u00f3n madrile\u00f1a recomienda:\u00a0<em>\u201cA modo de ejemplo, si la media de cada parada es de s\u00f3lo 5 minutos, durante una ma\u00f1ana en la que usted haya servido a 40 clientes, habr\u00e1 tenido el equipo sin funcionar un total de 3 horas y 15 minutos. En otras palabras, la experiencia nos dice que estos equipos funcionan bien siempre que el n\u00famero de entregas sea escaso.Si usted ha respondido que prefiere un veh\u00edculo refrigerante, le dir\u00e9 que tambi\u00e9n est\u00e1 en lo cierto, ya que curiosamente este veh\u00edculo o contenedor tiene la ventaja de que la fuente de fr\u00edo no se apaga con el motor, y adem\u00e1s no hay tanta transferencia de calor por convecci\u00f3n; recuerde que las sustancias que se utilicen debe estar en concordancia con la temperatura del alimento que intentamos mantener en la caja del veh\u00edculo\u201d.<\/em><\/p>\n<p>&nbsp;<\/p>\n<p><strong>Recomendaciones B\u00e1sicas Intralog\u00edstica Frigor\u00edfica<\/strong><\/p>\n<p><strong><a href=\"http:\/\/www.logisticspm.com%20\/\">Log\u00edstics Project Management<\/a><\/strong>\u00a0(LPM), Ingenier\u00eda\/Consultor\u00eda Intralog\u00edstica\/Log\u00edstica interna, ha establecido las siguientes recomendaciones t\u00e9cnicas para los proyectos de almacenes frigor\u00edficos o temperatura controlada:<\/p>\n<ul>\n<li>Como en cualquier proyecto de inversi\u00f3n, toda alternativa debe ser previamente analizada, valorada y comparada con otras siguiendo criterios t\u00e9cnicos y econ\u00f3micos.<\/li>\n<li>En este tipo de proyectos, por razones de eficiencia energ\u00e9tica se busca normalmente la mayor compacidad del almac\u00e9n. Es muy importante tener en cuenta la flexibilidad de la soluci\u00f3n frente a posibles cambios en la operativa para no asegurar su validez a largo plazo.<\/li>\n<li>Dadas las condiciones de trabajo es importante prever la mantenibilidad de los equipos. Recomendamos usar soluciones contrastadas. Tanto para la fiabilidad, como para el uso de sistemas de monitorizaci\u00f3n que limiten las paradas por entradas a las c\u00e1maras.<\/li>\n<li>Atendiendo a la temperatura de los almacenes es preciso recurrir a soluciones t\u00e9cnicas diferentes que aseguren el funcionamiento \u00f3ptimo: tecnolog\u00eda de control, tipolog\u00eda de motores, materiales empleados. Incluso el cableado puede llegar a ser espec\u00edfico cuando hablamos de instalaciones con temperaturas inferiores a -24\u00ba C.<\/li>\n<\/ul>\n<p><em><strong><a href=\"http:\/\/www.logisticspm.com%20\/\">Logistics Project Management (LPM)\u00a0<\/a><a href=\"http:\/\/www.logisticspm.com\/\">Ingenier\u00eda\/Consultor\u00eda Intralog\u00edstica:\u00a0<\/a><\/strong><\/em><\/p>\n<h3><strong>Tel\u00e9fono: +34 91 234 83 57<\/strong><br \/>\n<strong>Email: info@logisticspm.com<\/strong><br \/>\n<strong>Web:\u00a0<a href=\"http:\/\/www.logisticspm.com\/\" rel=\"nofollow\">http:\/\/www.logisticspm.com<\/a><\/strong><br \/>\n<strong>Foro:\u00a0<a href=\"http:\/\/www.susolucionlogistica.com\/\" rel=\"nofollow\">http:\/\/www.susolucionlogistica.com<\/a><\/strong><br \/>\n<strong>Sede: Avenida Manoteras, 38, Oficina C-008, 28050, Madrid<\/strong><\/h3>\n","protected":false},"excerpt":{"rendered":"<p>La rotura de la cadena de fr\u00edo es una de la hist\u00f3ricas asignaturas pendientes de la\u00a0Supply Chain. Tanto en la salida de la mercanc\u00eda del almac\u00e9n fr\u00edo (o temperatura controlada), como dentro del cami\u00f3n, su distribuci\u00f3n y la recepci\u00f3n del cliente final o en su&#8230;<\/p>\n","protected":false},"author":1,"featured_media":0,"comment_status":"open","ping_status":"open","sticky":false,"template":"","format":"standard","meta":[],"categories":[29],"tags":[],"yoast_head":"<!-- This site is optimized with the Yoast SEO plugin v20.0 - https:\/\/yoast.com\/wordpress\/plugins\/seo\/ -->\n<title>Precauciones b\u00e1sicas en el almacenamiento, distribuci\u00f3n frigor\u00edfica y temperatura controlada - LPM<\/title>\n<meta name=\"robots\" content=\"index, follow, max-snippet:-1, max-image-preview:large, max-video-preview:-1\" \/>\n<link rel=\"canonical\" href=\"https:\/\/logisticspm.com\/en\/precauciones-basicas-en-el-almacenamiento-distribucion-frigorifica-y-temperatura-controlada\/\" \/>\n<meta property=\"og:locale\" content=\"en_US\" \/>\n<meta property=\"og:type\" content=\"article\" \/>\n<meta property=\"og:title\" content=\"Precauciones b\u00e1sicas en el almacenamiento, distribuci\u00f3n frigor\u00edfica y temperatura controlada - LPM\" \/>\n<meta property=\"og:description\" content=\"La rotura de la cadena de fr\u00edo es una de la hist\u00f3ricas asignaturas pendientes de la\u00a0Supply Chain. Tanto en la salida de la mercanc\u00eda del almac\u00e9n fr\u00edo (o temperatura controlada), como dentro del cami\u00f3n, su distribuci\u00f3n y la recepci\u00f3n del cliente final o en su...\" \/>\n<meta property=\"og:url\" content=\"https:\/\/logisticspm.com\/en\/precauciones-basicas-en-el-almacenamiento-distribucion-frigorifica-y-temperatura-controlada\/\" \/>\n<meta property=\"og:site_name\" content=\"LPM\" \/>\n<meta property=\"article:published_time\" content=\"2015-02-19T11:03:14+00:00\" \/>\n<meta name=\"author\" content=\"ADmLpM\" \/>\n<meta name=\"twitter:card\" content=\"summary_large_image\" \/>\n<meta name=\"twitter:label1\" content=\"Written by\" \/>\n\t<meta name=\"twitter:data1\" content=\"ADmLpM\" \/>\n\t<meta name=\"twitter:label2\" content=\"Est. reading time\" \/>\n\t<meta name=\"twitter:data2\" content=\"8 minutes\" \/>\n<script type=\"application\/ld+json\" class=\"yoast-schema-graph\">{\"@context\":\"https:\/\/schema.org\",\"@graph\":[{\"@type\":\"Article\",\"@id\":\"https:\/\/logisticspm.com\/en\/precauciones-basicas-en-el-almacenamiento-distribucion-frigorifica-y-temperatura-controlada\/#article\",\"isPartOf\":{\"@id\":\"https:\/\/logisticspm.com\/en\/precauciones-basicas-en-el-almacenamiento-distribucion-frigorifica-y-temperatura-controlada\/\"},\"author\":{\"name\":\"ADmLpM\",\"@id\":\"https:\/\/logisticspm.com\/en\/#\/schema\/person\/97e2d52c6fe07ffc17ae5b32064099da\"},\"headline\":\"Precauciones b\u00e1sicas en el almacenamiento, distribuci\u00f3n frigor\u00edfica y temperatura controlada\",\"datePublished\":\"2015-02-19T11:03:14+00:00\",\"dateModified\":\"2015-02-19T11:03:14+00:00\",\"mainEntityOfPage\":{\"@id\":\"https:\/\/logisticspm.com\/en\/precauciones-basicas-en-el-almacenamiento-distribucion-frigorifica-y-temperatura-controlada\/\"},\"wordCount\":1573,\"commentCount\":0,\"publisher\":{\"@id\":\"https:\/\/logisticspm.com\/en\/#organization\"},\"articleSection\":[\"Actualidad Almacen\"],\"inLanguage\":\"en-US\",\"potentialAction\":[{\"@type\":\"CommentAction\",\"name\":\"Comment\",\"target\":[\"https:\/\/logisticspm.com\/en\/precauciones-basicas-en-el-almacenamiento-distribucion-frigorifica-y-temperatura-controlada\/#respond\"]}]},{\"@type\":\"WebPage\",\"@id\":\"https:\/\/logisticspm.com\/en\/precauciones-basicas-en-el-almacenamiento-distribucion-frigorifica-y-temperatura-controlada\/\",\"url\":\"https:\/\/logisticspm.com\/en\/precauciones-basicas-en-el-almacenamiento-distribucion-frigorifica-y-temperatura-controlada\/\",\"name\":\"Precauciones b\u00e1sicas en el almacenamiento, distribuci\u00f3n frigor\u00edfica y temperatura controlada - LPM\",\"isPartOf\":{\"@id\":\"https:\/\/logisticspm.com\/en\/#website\"},\"datePublished\":\"2015-02-19T11:03:14+00:00\",\"dateModified\":\"2015-02-19T11:03:14+00:00\",\"breadcrumb\":{\"@id\":\"https:\/\/logisticspm.com\/en\/precauciones-basicas-en-el-almacenamiento-distribucion-frigorifica-y-temperatura-controlada\/#breadcrumb\"},\"inLanguage\":\"en-US\",\"potentialAction\":[{\"@type\":\"ReadAction\",\"target\":[\"https:\/\/logisticspm.com\/en\/precauciones-basicas-en-el-almacenamiento-distribucion-frigorifica-y-temperatura-controlada\/\"]}]},{\"@type\":\"BreadcrumbList\",\"@id\":\"https:\/\/logisticspm.com\/en\/precauciones-basicas-en-el-almacenamiento-distribucion-frigorifica-y-temperatura-controlada\/#breadcrumb\",\"itemListElement\":[{\"@type\":\"ListItem\",\"position\":1,\"name\":\"Portada\",\"item\":\"https:\/\/logisticspm.com\/en\/\"},{\"@type\":\"ListItem\",\"position\":2,\"name\":\"Precauciones b\u00e1sicas en el almacenamiento, distribuci\u00f3n frigor\u00edfica y temperatura controlada\"}]},{\"@type\":\"WebSite\",\"@id\":\"https:\/\/logisticspm.com\/en\/#website\",\"url\":\"https:\/\/logisticspm.com\/en\/\",\"name\":\"LPM\",\"description\":\"Expertos en Intralog\u00edstica\",\"publisher\":{\"@id\":\"https:\/\/logisticspm.com\/en\/#organization\"},\"potentialAction\":[{\"@type\":\"SearchAction\",\"target\":{\"@type\":\"EntryPoint\",\"urlTemplate\":\"https:\/\/logisticspm.com\/en\/?s={search_term_string}\"},\"query-input\":\"required name=search_term_string\"}],\"inLanguage\":\"en-US\"},{\"@type\":\"Organization\",\"@id\":\"https:\/\/logisticspm.com\/en\/#organization\",\"name\":\"Logistics Project Management - LPM\",\"url\":\"https:\/\/logisticspm.com\/en\/\",\"logo\":{\"@type\":\"ImageObject\",\"inLanguage\":\"en-US\",\"@id\":\"https:\/\/logisticspm.com\/en\/#\/schema\/logo\/image\/\",\"url\":\"https:\/\/logisticspm.com\/wp-content\/uploads\/2017\/05\/LPM-logistic-project-managment.png\",\"contentUrl\":\"https:\/\/logisticspm.com\/wp-content\/uploads\/2017\/05\/LPM-logistic-project-managment.png\",\"width\":240,\"height\":130,\"caption\":\"Logistics Project Management - LPM\"},\"image\":{\"@id\":\"https:\/\/logisticspm.com\/en\/#\/schema\/logo\/image\/\"}},{\"@type\":\"Person\",\"@id\":\"https:\/\/logisticspm.com\/en\/#\/schema\/person\/97e2d52c6fe07ffc17ae5b32064099da\",\"name\":\"ADmLpM\",\"image\":{\"@type\":\"ImageObject\",\"inLanguage\":\"en-US\",\"@id\":\"https:\/\/logisticspm.com\/en\/#\/schema\/person\/image\/\",\"url\":\"https:\/\/secure.gravatar.com\/avatar\/080a7400731763841ce0027a8ade63ca?s=96&d=mm&r=g\",\"contentUrl\":\"https:\/\/secure.gravatar.com\/avatar\/080a7400731763841ce0027a8ade63ca?s=96&d=mm&r=g\",\"caption\":\"ADmLpM\"}}]}<\/script>\n<!-- \/ Yoast SEO plugin. -->","yoast_head_json":{"title":"Precauciones b\u00e1sicas en el almacenamiento, distribuci\u00f3n frigor\u00edfica y temperatura controlada - LPM","robots":{"index":"index","follow":"follow","max-snippet":"max-snippet:-1","max-image-preview":"max-image-preview:large","max-video-preview":"max-video-preview:-1"},"canonical":"https:\/\/logisticspm.com\/en\/precauciones-basicas-en-el-almacenamiento-distribucion-frigorifica-y-temperatura-controlada\/","og_locale":"en_US","og_type":"article","og_title":"Precauciones b\u00e1sicas en el almacenamiento, distribuci\u00f3n frigor\u00edfica y temperatura controlada - LPM","og_description":"La rotura de la cadena de fr\u00edo es una de la hist\u00f3ricas asignaturas pendientes de la\u00a0Supply Chain. Tanto en la salida de la mercanc\u00eda del almac\u00e9n fr\u00edo (o temperatura controlada), como dentro del cami\u00f3n, su distribuci\u00f3n y la recepci\u00f3n del cliente final o en su...","og_url":"https:\/\/logisticspm.com\/en\/precauciones-basicas-en-el-almacenamiento-distribucion-frigorifica-y-temperatura-controlada\/","og_site_name":"LPM","article_published_time":"2015-02-19T11:03:14+00:00","author":"ADmLpM","twitter_card":"summary_large_image","twitter_misc":{"Written by":"ADmLpM","Est. reading time":"8 minutes"},"schema":{"@context":"https:\/\/schema.org","@graph":[{"@type":"Article","@id":"https:\/\/logisticspm.com\/en\/precauciones-basicas-en-el-almacenamiento-distribucion-frigorifica-y-temperatura-controlada\/#article","isPartOf":{"@id":"https:\/\/logisticspm.com\/en\/precauciones-basicas-en-el-almacenamiento-distribucion-frigorifica-y-temperatura-controlada\/"},"author":{"name":"ADmLpM","@id":"https:\/\/logisticspm.com\/en\/#\/schema\/person\/97e2d52c6fe07ffc17ae5b32064099da"},"headline":"Precauciones b\u00e1sicas en el almacenamiento, distribuci\u00f3n frigor\u00edfica y temperatura controlada","datePublished":"2015-02-19T11:03:14+00:00","dateModified":"2015-02-19T11:03:14+00:00","mainEntityOfPage":{"@id":"https:\/\/logisticspm.com\/en\/precauciones-basicas-en-el-almacenamiento-distribucion-frigorifica-y-temperatura-controlada\/"},"wordCount":1573,"commentCount":0,"publisher":{"@id":"https:\/\/logisticspm.com\/en\/#organization"},"articleSection":["Actualidad Almacen"],"inLanguage":"en-US","potentialAction":[{"@type":"CommentAction","name":"Comment","target":["https:\/\/logisticspm.com\/en\/precauciones-basicas-en-el-almacenamiento-distribucion-frigorifica-y-temperatura-controlada\/#respond"]}]},{"@type":"WebPage","@id":"https:\/\/logisticspm.com\/en\/precauciones-basicas-en-el-almacenamiento-distribucion-frigorifica-y-temperatura-controlada\/","url":"https:\/\/logisticspm.com\/en\/precauciones-basicas-en-el-almacenamiento-distribucion-frigorifica-y-temperatura-controlada\/","name":"Precauciones b\u00e1sicas en el almacenamiento, distribuci\u00f3n frigor\u00edfica y temperatura controlada - LPM","isPartOf":{"@id":"https:\/\/logisticspm.com\/en\/#website"},"datePublished":"2015-02-19T11:03:14+00:00","dateModified":"2015-02-19T11:03:14+00:00","breadcrumb":{"@id":"https:\/\/logisticspm.com\/en\/precauciones-basicas-en-el-almacenamiento-distribucion-frigorifica-y-temperatura-controlada\/#breadcrumb"},"inLanguage":"en-US","potentialAction":[{"@type":"ReadAction","target":["https:\/\/logisticspm.com\/en\/precauciones-basicas-en-el-almacenamiento-distribucion-frigorifica-y-temperatura-controlada\/"]}]},{"@type":"BreadcrumbList","@id":"https:\/\/logisticspm.com\/en\/precauciones-basicas-en-el-almacenamiento-distribucion-frigorifica-y-temperatura-controlada\/#breadcrumb","itemListElement":[{"@type":"ListItem","position":1,"name":"Portada","item":"https:\/\/logisticspm.com\/en\/"},{"@type":"ListItem","position":2,"name":"Precauciones b\u00e1sicas en el almacenamiento, distribuci\u00f3n frigor\u00edfica y temperatura controlada"}]},{"@type":"WebSite","@id":"https:\/\/logisticspm.com\/en\/#website","url":"https:\/\/logisticspm.com\/en\/","name":"LPM","description":"Expertos en Intralog\u00edstica","publisher":{"@id":"https:\/\/logisticspm.com\/en\/#organization"},"potentialAction":[{"@type":"SearchAction","target":{"@type":"EntryPoint","urlTemplate":"https:\/\/logisticspm.com\/en\/?s={search_term_string}"},"query-input":"required name=search_term_string"}],"inLanguage":"en-US"},{"@type":"Organization","@id":"https:\/\/logisticspm.com\/en\/#organization","name":"Logistics Project Management - LPM","url":"https:\/\/logisticspm.com\/en\/","logo":{"@type":"ImageObject","inLanguage":"en-US","@id":"https:\/\/logisticspm.com\/en\/#\/schema\/logo\/image\/","url":"https:\/\/logisticspm.com\/wp-content\/uploads\/2017\/05\/LPM-logistic-project-managment.png","contentUrl":"https:\/\/logisticspm.com\/wp-content\/uploads\/2017\/05\/LPM-logistic-project-managment.png","width":240,"height":130,"caption":"Logistics Project Management - LPM"},"image":{"@id":"https:\/\/logisticspm.com\/en\/#\/schema\/logo\/image\/"}},{"@type":"Person","@id":"https:\/\/logisticspm.com\/en\/#\/schema\/person\/97e2d52c6fe07ffc17ae5b32064099da","name":"ADmLpM","image":{"@type":"ImageObject","inLanguage":"en-US","@id":"https:\/\/logisticspm.com\/en\/#\/schema\/person\/image\/","url":"https:\/\/secure.gravatar.com\/avatar\/080a7400731763841ce0027a8ade63ca?s=96&d=mm&r=g","contentUrl":"https:\/\/secure.gravatar.com\/avatar\/080a7400731763841ce0027a8ade63ca?s=96&d=mm&r=g","caption":"ADmLpM"}}]}},"_links":{"self":[{"href":"https:\/\/logisticspm.com\/en\/wp-json\/wp\/v2\/posts\/2345"}],"collection":[{"href":"https:\/\/logisticspm.com\/en\/wp-json\/wp\/v2\/posts"}],"about":[{"href":"https:\/\/logisticspm.com\/en\/wp-json\/wp\/v2\/types\/post"}],"author":[{"embeddable":true,"href":"https:\/\/logisticspm.com\/en\/wp-json\/wp\/v2\/users\/1"}],"replies":[{"embeddable":true,"href":"https:\/\/logisticspm.com\/en\/wp-json\/wp\/v2\/comments?post=2345"}],"version-history":[{"count":0,"href":"https:\/\/logisticspm.com\/en\/wp-json\/wp\/v2\/posts\/2345\/revisions"}],"wp:attachment":[{"href":"https:\/\/logisticspm.com\/en\/wp-json\/wp\/v2\/media?parent=2345"}],"wp:term":[{"taxonomy":"category","embeddable":true,"href":"https:\/\/logisticspm.com\/en\/wp-json\/wp\/v2\/categories?post=2345"},{"taxonomy":"post_tag","embeddable":true,"href":"https:\/\/logisticspm.com\/en\/wp-json\/wp\/v2\/tags?post=2345"}],"curies":[{"name":"wp","href":"https:\/\/api.w.org\/{rel}","templated":true}]}}