{"id":2348,"date":"2015-02-16T11:09:52","date_gmt":"2015-02-16T11:09:52","guid":{"rendered":"https:\/\/logisticspm.com\/la-gestion-de-rrhh-en-el-almacen-y-sus-retribuciones-salariales\/"},"modified":"2015-02-16T11:09:52","modified_gmt":"2015-02-16T11:09:52","slug":"la-gestion-de-rrhh-en-el-almacen-y-sus-retribuciones-salariales","status":"publish","type":"post","link":"https:\/\/logisticspm.com\/en\/la-gestion-de-rrhh-en-el-almacen-y-sus-retribuciones-salariales\/","title":{"rendered":"La gesti\u00f3n de RRHH en el almac\u00e9n y sus retribuciones salariales"},"content":{"rendered":"<p>El clima laboral, el desarrollo organizacional y la gesti\u00f3n del talento en un almac\u00e9n son tan importantes como un perfecto aprovisionamiento, la preparaci\u00f3n de pedidos y la expedici\u00f3n de la mercanc\u00eda. La motivaci\u00f3n y productividad de todo el capital humano implicado en un almac\u00e9n requiere de planificaci\u00f3n profesional y adecuada a los objetivos de negocio de cada instalaci\u00f3n log\u00edstica. La casu\u00edstica intralog\u00edstica se ha caracterizado en los \u00faltimas d\u00e9cadas por la alta rotaci\u00f3n de los operarios del almac\u00e9n y los diferentes grados de cualificaci\u00f3n profesional de los mandos intermedios. Unos d\u00e9ficits que, a\u00f1o a a\u00f1o, se combaten con mayor acierto, gracias a unas pol\u00edticas de selecci\u00f3n de personal log\u00edstico m\u00e1s profesionales.<\/p>\n<p><span id=\"more-359\"><\/span><br \/>\nPor fortuna, la formaci\u00f3n especializada en recursos humanos para el almac\u00e9n es numerosa y muy concreta. Por ejemplo, la principal entidad de formaci\u00f3n log\u00edstica celebrar\u00e1 pr\u00f3ximamente el curso: \u201cRecursos Humanos en Log\u00edstica\u201d con este programa:<\/p>\n<p>1. EL ROL Y LA FIGURA DEL L\u00cdDER PARA RESPONSABLES DE ALMAC\u00c9N<br \/>\n&#x25aa; El papel del l\u00edder.<br \/>\n&#x25aa; La importancia del papel del l\u00edder.<br \/>\n&#x25aa; Las responsabilidades del l\u00edder.<br \/>\n2. GESTI\u00d3N Y CONDUCCI\u00d3N DE UN EQUIPO DE TRABAJO Y LA TOMA DE DECISIONES<br \/>\n&#x25aa; \u00a0Los diferentes enfoques del liderazgo.<br \/>\n&#x25aa; \u00a0Los estilos eficaces para gestionar y conducir un equipo de trabajo.<br \/>\n&#x25aa; \u00a0Adoptar estilos adecuados al equipo en funci\u00f3n de la autonom\u00eda y las competencias.<br \/>\n&#x25aa; \u00a0Delegaci\u00f3n y responsabilidad.<br \/>\n&#x25aa; \u00a0Actitudes de los miembros del equipo.<br \/>\n&#x25aa; \u00a0La participaci\u00f3n.<br \/>\n&#x25aa; \u00a0El autodiagn\u00f3stico de mi estilo de gesti\u00f3n y conducci\u00f3n de equipos.<br \/>\n3. LA COMUNICACI\u00d3N COMO HERRAMIENTA DE GESTI\u00d3N<br \/>\n&#x25aa; \u00a0Las bases de la comunicaci\u00f3n eficaz.<br \/>\n&#x25aa; \u00a0Los diferentes flujos comunicativos en una organizaci\u00f3n.<br \/>\n&#x25aa; \u00a0La transmisi\u00f3n adecuada de instrucciones y \u00f3rdenes.<br \/>\n&#x25aa; \u00a0Saber evitar o disminuir las actuaciones err\u00f3neas o inadecuadas.<br \/>\n&#x25aa; \u00a0La resoluci\u00f3n de conflictos y la motivaci\u00f3n de los equipos de trabajo.<br \/>\n4. LA MOTIVACI\u00d3N DEL EQUIPO DE TRABAJO<br \/>\n&#x25aa; C\u00f3mo identificar las necesidades de los colaboradores.<br \/>\n&#x25aa; Motivaci\u00f3n y animaci\u00f3n de un grupo de trabajo.<br \/>\n5. PLAN DE ACCI\u00d3N PERSONALIZADO DE MEJORA AL PUESTO DE TRABAJO (se trabajar\u00e1 durante las sesiones formativas).<br \/>\n&#x25aa; Construir un Plan de Acci\u00f3n Personalizado de Mejora al puesto de trabajo con el m\u00e9todo 3QPCO.<\/p>\n<p>A continuaci\u00f3n, publicamos el reciente estudio de una Consultora de RRHH sobre las retribuciones log\u00edsticas y el Convenio Colectivo de Operadores de Transporte y Log\u00edstica de la Comunidad de Madrid (Tabla Salarial). Ambos documentos pueden servir como referencia para la estrategia de RRHH en cualquier almac\u00e9n:<\/p>\n<p><strong>Fuentes Consultadas:<\/strong><\/p>\n<p>Talentia Human Resources.<br \/>\nPagePersonnel (Part of the PageGroup).<br \/>\nUNO (Patronal Operadores Log\u00edsticos).<br \/>\nFundaci\u00f3n ICIL.<\/p>\n<div id=\"atatags-370373-5ecf9bfd776c5\"><\/div>\n<div id=\"atatags-26942-5ecf9bfd77731\"><\/div>\n<div id=\"jp-post-flair\" class=\"sharedaddy sd-like-enabled sd-sharing-enabled\">\n<div class=\"sharedaddy sd-sharing-enabled\"><\/div>\n<\/div>\n","protected":false},"excerpt":{"rendered":"<p>El clima laboral, el desarrollo organizacional y la gesti\u00f3n del talento en un almac\u00e9n son tan importantes como un perfecto aprovisionamiento, la preparaci\u00f3n de pedidos y la expedici\u00f3n de la mercanc\u00eda. La motivaci\u00f3n y productividad de todo el capital humano implicado en un almac\u00e9n requiere&#8230;<\/p>\n","protected":false},"author":1,"featured_media":0,"comment_status":"open","ping_status":"open","sticky":false,"template":"","format":"standard","meta":[],"categories":[29],"tags":[],"yoast_head":"<!-- This site is optimized with the Yoast SEO plugin v20.0 - https:\/\/yoast.com\/wordpress\/plugins\/seo\/ -->\n<title>La gesti\u00f3n de RRHH en el almac\u00e9n y sus retribuciones salariales - LPM<\/title>\n<meta name=\"robots\" content=\"index, follow, max-snippet:-1, max-image-preview:large, max-video-preview:-1\" \/>\n<link rel=\"canonical\" href=\"https:\/\/logisticspm.com\/en\/la-gestion-de-rrhh-en-el-almacen-y-sus-retribuciones-salariales\/\" \/>\n<meta property=\"og:locale\" content=\"en_US\" \/>\n<meta property=\"og:type\" content=\"article\" \/>\n<meta property=\"og:title\" content=\"La gesti\u00f3n de RRHH en el almac\u00e9n y sus retribuciones salariales - LPM\" \/>\n<meta property=\"og:description\" content=\"El clima laboral, el desarrollo organizacional y la gesti\u00f3n del talento en un almac\u00e9n son tan importantes como un perfecto aprovisionamiento, la preparaci\u00f3n de pedidos y la expedici\u00f3n de la mercanc\u00eda. La motivaci\u00f3n y productividad de todo el capital humano implicado en un almac\u00e9n requiere...\" \/>\n<meta property=\"og:url\" content=\"https:\/\/logisticspm.com\/en\/la-gestion-de-rrhh-en-el-almacen-y-sus-retribuciones-salariales\/\" \/>\n<meta property=\"og:site_name\" content=\"LPM\" \/>\n<meta property=\"article:published_time\" content=\"2015-02-16T11:09:52+00:00\" \/>\n<meta name=\"author\" content=\"ADmLpM\" \/>\n<meta name=\"twitter:card\" content=\"summary_large_image\" \/>\n<meta name=\"twitter:label1\" content=\"Written by\" \/>\n\t<meta name=\"twitter:data1\" content=\"ADmLpM\" \/>\n\t<meta name=\"twitter:label2\" content=\"Est. reading time\" \/>\n\t<meta name=\"twitter:data2\" content=\"2 minutes\" \/>\n<script type=\"application\/ld+json\" class=\"yoast-schema-graph\">{\"@context\":\"https:\/\/schema.org\",\"@graph\":[{\"@type\":\"Article\",\"@id\":\"https:\/\/logisticspm.com\/en\/la-gestion-de-rrhh-en-el-almacen-y-sus-retribuciones-salariales\/#article\",\"isPartOf\":{\"@id\":\"https:\/\/logisticspm.com\/en\/la-gestion-de-rrhh-en-el-almacen-y-sus-retribuciones-salariales\/\"},\"author\":{\"name\":\"ADmLpM\",\"@id\":\"https:\/\/logisticspm.com\/en\/#\/schema\/person\/97e2d52c6fe07ffc17ae5b32064099da\"},\"headline\":\"La gesti\u00f3n de RRHH en el almac\u00e9n y sus retribuciones salariales\",\"datePublished\":\"2015-02-16T11:09:52+00:00\",\"dateModified\":\"2015-02-16T11:09:52+00:00\",\"mainEntityOfPage\":{\"@id\":\"https:\/\/logisticspm.com\/en\/la-gestion-de-rrhh-en-el-almacen-y-sus-retribuciones-salariales\/\"},\"wordCount\":510,\"commentCount\":0,\"publisher\":{\"@id\":\"https:\/\/logisticspm.com\/en\/#organization\"},\"articleSection\":[\"Actualidad Almacen\"],\"inLanguage\":\"en-US\",\"potentialAction\":[{\"@type\":\"CommentAction\",\"name\":\"Comment\",\"target\":[\"https:\/\/logisticspm.com\/en\/la-gestion-de-rrhh-en-el-almacen-y-sus-retribuciones-salariales\/#respond\"]}]},{\"@type\":\"WebPage\",\"@id\":\"https:\/\/logisticspm.com\/en\/la-gestion-de-rrhh-en-el-almacen-y-sus-retribuciones-salariales\/\",\"url\":\"https:\/\/logisticspm.com\/en\/la-gestion-de-rrhh-en-el-almacen-y-sus-retribuciones-salariales\/\",\"name\":\"La gesti\u00f3n de RRHH en el almac\u00e9n y sus retribuciones salariales - LPM\",\"isPartOf\":{\"@id\":\"https:\/\/logisticspm.com\/en\/#website\"},\"datePublished\":\"2015-02-16T11:09:52+00:00\",\"dateModified\":\"2015-02-16T11:09:52+00:00\",\"breadcrumb\":{\"@id\":\"https:\/\/logisticspm.com\/en\/la-gestion-de-rrhh-en-el-almacen-y-sus-retribuciones-salariales\/#breadcrumb\"},\"inLanguage\":\"en-US\",\"potentialAction\":[{\"@type\":\"ReadAction\",\"target\":[\"https:\/\/logisticspm.com\/en\/la-gestion-de-rrhh-en-el-almacen-y-sus-retribuciones-salariales\/\"]}]},{\"@type\":\"BreadcrumbList\",\"@id\":\"https:\/\/logisticspm.com\/en\/la-gestion-de-rrhh-en-el-almacen-y-sus-retribuciones-salariales\/#breadcrumb\",\"itemListElement\":[{\"@type\":\"ListItem\",\"position\":1,\"name\":\"Portada\",\"item\":\"https:\/\/logisticspm.com\/en\/\"},{\"@type\":\"ListItem\",\"position\":2,\"name\":\"La gesti\u00f3n de RRHH en el almac\u00e9n y sus retribuciones salariales\"}]},{\"@type\":\"WebSite\",\"@id\":\"https:\/\/logisticspm.com\/en\/#website\",\"url\":\"https:\/\/logisticspm.com\/en\/\",\"name\":\"LPM\",\"description\":\"Expertos en Intralog\u00edstica\",\"publisher\":{\"@id\":\"https:\/\/logisticspm.com\/en\/#organization\"},\"potentialAction\":[{\"@type\":\"SearchAction\",\"target\":{\"@type\":\"EntryPoint\",\"urlTemplate\":\"https:\/\/logisticspm.com\/en\/?s={search_term_string}\"},\"query-input\":\"required name=search_term_string\"}],\"inLanguage\":\"en-US\"},{\"@type\":\"Organization\",\"@id\":\"https:\/\/logisticspm.com\/en\/#organization\",\"name\":\"Logistics Project Management - LPM\",\"url\":\"https:\/\/logisticspm.com\/en\/\",\"logo\":{\"@type\":\"ImageObject\",\"inLanguage\":\"en-US\",\"@id\":\"https:\/\/logisticspm.com\/en\/#\/schema\/logo\/image\/\",\"url\":\"https:\/\/logisticspm.com\/wp-content\/uploads\/2017\/05\/LPM-logistic-project-managment.png\",\"contentUrl\":\"https:\/\/logisticspm.com\/wp-content\/uploads\/2017\/05\/LPM-logistic-project-managment.png\",\"width\":240,\"height\":130,\"caption\":\"Logistics Project Management - LPM\"},\"image\":{\"@id\":\"https:\/\/logisticspm.com\/en\/#\/schema\/logo\/image\/\"}},{\"@type\":\"Person\",\"@id\":\"https:\/\/logisticspm.com\/en\/#\/schema\/person\/97e2d52c6fe07ffc17ae5b32064099da\",\"name\":\"ADmLpM\",\"image\":{\"@type\":\"ImageObject\",\"inLanguage\":\"en-US\",\"@id\":\"https:\/\/logisticspm.com\/en\/#\/schema\/person\/image\/\",\"url\":\"https:\/\/secure.gravatar.com\/avatar\/080a7400731763841ce0027a8ade63ca?s=96&d=mm&r=g\",\"contentUrl\":\"https:\/\/secure.gravatar.com\/avatar\/080a7400731763841ce0027a8ade63ca?s=96&d=mm&r=g\",\"caption\":\"ADmLpM\"}}]}<\/script>\n<!-- \/ Yoast SEO plugin. -->","yoast_head_json":{"title":"La gesti\u00f3n de RRHH en el almac\u00e9n y sus retribuciones salariales - LPM","robots":{"index":"index","follow":"follow","max-snippet":"max-snippet:-1","max-image-preview":"max-image-preview:large","max-video-preview":"max-video-preview:-1"},"canonical":"https:\/\/logisticspm.com\/en\/la-gestion-de-rrhh-en-el-almacen-y-sus-retribuciones-salariales\/","og_locale":"en_US","og_type":"article","og_title":"La gesti\u00f3n de RRHH en el almac\u00e9n y sus retribuciones salariales - LPM","og_description":"El clima laboral, el desarrollo organizacional y la gesti\u00f3n del talento en un almac\u00e9n son tan importantes como un perfecto aprovisionamiento, la preparaci\u00f3n de pedidos y la expedici\u00f3n de la mercanc\u00eda. La motivaci\u00f3n y productividad de todo el capital humano implicado en un almac\u00e9n requiere...","og_url":"https:\/\/logisticspm.com\/en\/la-gestion-de-rrhh-en-el-almacen-y-sus-retribuciones-salariales\/","og_site_name":"LPM","article_published_time":"2015-02-16T11:09:52+00:00","author":"ADmLpM","twitter_card":"summary_large_image","twitter_misc":{"Written by":"ADmLpM","Est. reading time":"2 minutes"},"schema":{"@context":"https:\/\/schema.org","@graph":[{"@type":"Article","@id":"https:\/\/logisticspm.com\/en\/la-gestion-de-rrhh-en-el-almacen-y-sus-retribuciones-salariales\/#article","isPartOf":{"@id":"https:\/\/logisticspm.com\/en\/la-gestion-de-rrhh-en-el-almacen-y-sus-retribuciones-salariales\/"},"author":{"name":"ADmLpM","@id":"https:\/\/logisticspm.com\/en\/#\/schema\/person\/97e2d52c6fe07ffc17ae5b32064099da"},"headline":"La gesti\u00f3n de RRHH en el almac\u00e9n y sus retribuciones salariales","datePublished":"2015-02-16T11:09:52+00:00","dateModified":"2015-02-16T11:09:52+00:00","mainEntityOfPage":{"@id":"https:\/\/logisticspm.com\/en\/la-gestion-de-rrhh-en-el-almacen-y-sus-retribuciones-salariales\/"},"wordCount":510,"commentCount":0,"publisher":{"@id":"https:\/\/logisticspm.com\/en\/#organization"},"articleSection":["Actualidad Almacen"],"inLanguage":"en-US","potentialAction":[{"@type":"CommentAction","name":"Comment","target":["https:\/\/logisticspm.com\/en\/la-gestion-de-rrhh-en-el-almacen-y-sus-retribuciones-salariales\/#respond"]}]},{"@type":"WebPage","@id":"https:\/\/logisticspm.com\/en\/la-gestion-de-rrhh-en-el-almacen-y-sus-retribuciones-salariales\/","url":"https:\/\/logisticspm.com\/en\/la-gestion-de-rrhh-en-el-almacen-y-sus-retribuciones-salariales\/","name":"La gesti\u00f3n de RRHH en el almac\u00e9n y sus retribuciones salariales - LPM","isPartOf":{"@id":"https:\/\/logisticspm.com\/en\/#website"},"datePublished":"2015-02-16T11:09:52+00:00","dateModified":"2015-02-16T11:09:52+00:00","breadcrumb":{"@id":"https:\/\/logisticspm.com\/en\/la-gestion-de-rrhh-en-el-almacen-y-sus-retribuciones-salariales\/#breadcrumb"},"inLanguage":"en-US","potentialAction":[{"@type":"ReadAction","target":["https:\/\/logisticspm.com\/en\/la-gestion-de-rrhh-en-el-almacen-y-sus-retribuciones-salariales\/"]}]},{"@type":"BreadcrumbList","@id":"https:\/\/logisticspm.com\/en\/la-gestion-de-rrhh-en-el-almacen-y-sus-retribuciones-salariales\/#breadcrumb","itemListElement":[{"@type":"ListItem","position":1,"name":"Portada","item":"https:\/\/logisticspm.com\/en\/"},{"@type":"ListItem","position":2,"name":"La gesti\u00f3n de RRHH en el almac\u00e9n y sus retribuciones salariales"}]},{"@type":"WebSite","@id":"https:\/\/logisticspm.com\/en\/#website","url":"https:\/\/logisticspm.com\/en\/","name":"LPM","description":"Expertos en Intralog\u00edstica","publisher":{"@id":"https:\/\/logisticspm.com\/en\/#organization"},"potentialAction":[{"@type":"SearchAction","target":{"@type":"EntryPoint","urlTemplate":"https:\/\/logisticspm.com\/en\/?s={search_term_string}"},"query-input":"required name=search_term_string"}],"inLanguage":"en-US"},{"@type":"Organization","@id":"https:\/\/logisticspm.com\/en\/#organization","name":"Logistics Project Management - LPM","url":"https:\/\/logisticspm.com\/en\/","logo":{"@type":"ImageObject","inLanguage":"en-US","@id":"https:\/\/logisticspm.com\/en\/#\/schema\/logo\/image\/","url":"https:\/\/logisticspm.com\/wp-content\/uploads\/2017\/05\/LPM-logistic-project-managment.png","contentUrl":"https:\/\/logisticspm.com\/wp-content\/uploads\/2017\/05\/LPM-logistic-project-managment.png","width":240,"height":130,"caption":"Logistics Project Management - LPM"},"image":{"@id":"https:\/\/logisticspm.com\/en\/#\/schema\/logo\/image\/"}},{"@type":"Person","@id":"https:\/\/logisticspm.com\/en\/#\/schema\/person\/97e2d52c6fe07ffc17ae5b32064099da","name":"ADmLpM","image":{"@type":"ImageObject","inLanguage":"en-US","@id":"https:\/\/logisticspm.com\/en\/#\/schema\/person\/image\/","url":"https:\/\/secure.gravatar.com\/avatar\/080a7400731763841ce0027a8ade63ca?s=96&d=mm&r=g","contentUrl":"https:\/\/secure.gravatar.com\/avatar\/080a7400731763841ce0027a8ade63ca?s=96&d=mm&r=g","caption":"ADmLpM"}}]}},"_links":{"self":[{"href":"https:\/\/logisticspm.com\/en\/wp-json\/wp\/v2\/posts\/2348"}],"collection":[{"href":"https:\/\/logisticspm.com\/en\/wp-json\/wp\/v2\/posts"}],"about":[{"href":"https:\/\/logisticspm.com\/en\/wp-json\/wp\/v2\/types\/post"}],"author":[{"embeddable":true,"href":"https:\/\/logisticspm.com\/en\/wp-json\/wp\/v2\/users\/1"}],"replies":[{"embeddable":true,"href":"https:\/\/logisticspm.com\/en\/wp-json\/wp\/v2\/comments?post=2348"}],"version-history":[{"count":0,"href":"https:\/\/logisticspm.com\/en\/wp-json\/wp\/v2\/posts\/2348\/revisions"}],"wp:attachment":[{"href":"https:\/\/logisticspm.com\/en\/wp-json\/wp\/v2\/media?parent=2348"}],"wp:term":[{"taxonomy":"category","embeddable":true,"href":"https:\/\/logisticspm.com\/en\/wp-json\/wp\/v2\/categories?post=2348"},{"taxonomy":"post_tag","embeddable":true,"href":"https:\/\/logisticspm.com\/en\/wp-json\/wp\/v2\/tags?post=2348"}],"curies":[{"name":"wp","href":"https:\/\/api.w.org\/{rel}","templated":true}]}}